{"id":2566,"date":"2020-02-05T19:37:43","date_gmt":"2020-02-05T19:37:43","guid":{"rendered":"http:\/\/icofom.mini.icom.museum\/?p=2566"},"modified":"2020-08-09T16:06:33","modified_gmt":"2020-08-09T16:06:33","slug":"seminario-internacional-e-workshop-ppg-mus-programa-de-pos-graduacao-mestrado%e2%80%8b-icofom-international-committee-for-museology%e2%80%8b-icofom-lam-oficial%e2%80%8b","status":"publish","type":"post","link":"https:\/\/icofom.mini.icom.museum\/es\/seminario-internacional-e-workshop-ppg-mus-programa-de-pos-graduacao-mestrado%e2%80%8b-icofom-international-committee-for-museology%e2%80%8b-icofom-lam-oficial%e2%80%8b\/","title":{"rendered":"Seminario Internacional e Workshop PPG-MUS: Programa de P\u00f3s-Gradua\u00e7\u00e3o\/Mestrado\u200b \/ Icofom &#8211; International Committee for Museology\u200b \/ ICOFOM LAM Oficial\u200b"},"content":{"rendered":"<p>Museus e Museologia na Am\u00e9rica Latina: Compartilhando a\u00e7\u00f5es para a pesquisa, a qualifca\u00e7ao profissional e a valoriza\u00e7ao de estrat\u00e9gias inclusivas<\/p>\n<p>Seminario Internacional e Workshop PPG-MUS: Programa de P\u00f3s-Gradua\u00e7\u00e3o\/Mestrado\u200b \/ Icofom &#8211; International Committee for Museology\u200b \/ ICOFOM LAM Oficial\u200b<\/p>\n<p><img decoding=\"async\" loading=\"lazy\" class=\"wp-image-2525 aligncenter\" src=\"http:\/\/icofom.mini.icom.museum\/wp-content\/uploads\/sites\/18\/2020\/01\/Evento-Museus-e-Museologia-na-Am\u00e9rica-Latina-banner-divulga\u00e7\u00e3o-300x265.jpg\" alt=\"\" width=\"439\" height=\"388\" srcset=\"https:\/\/icofom.mini.icom.museum\/wp-content\/uploads\/sites\/18\/2020\/01\/Evento-Museus-e-Museologia-na-Am\u00e9rica-Latina-banner-divulga\u00e7\u00e3o-300x265.jpg 300w, https:\/\/icofom.mini.icom.museum\/wp-content\/uploads\/sites\/18\/2020\/01\/Evento-Museus-e-Museologia-na-Am\u00e9rica-Latina-banner-divulga\u00e7\u00e3o-768x679.jpg 768w, https:\/\/icofom.mini.icom.museum\/wp-content\/uploads\/sites\/18\/2020\/01\/Evento-Museus-e-Museologia-na-Am\u00e9rica-Latina-banner-divulga\u00e7\u00e3o-1024x905.jpg 1024w, https:\/\/icofom.mini.icom.museum\/wp-content\/uploads\/sites\/18\/2020\/01\/Evento-Museus-e-Museologia-na-Am\u00e9rica-Latina-banner-divulga\u00e7\u00e3o.jpg 1371w\" sizes=\"(max-width: 439px) 100vw, 439px\" \/><\/p>\n<p><a href=\"https:\/\/docs.google.com\/forms\/d\/e\/1FAIpQLScjJWmHiOHzfcwGbPJ1O79XfnCUObvasQBIFcB-DtSk-KmJDQ\/viewform\">INSCREVA-SE AQUI!<\/a><\/p>\n<p>Para realizar a inscri\u00e7\u00e3o em nosso evento ou no workshop \u00e9 necess\u00e1rio realizar o login em sua conta Google,<\/p>\n<p>em caso de novos usu\u00e1rios \u00e9 necess\u00e1rio realizar um cadastro de nova conta neste link.<\/p>\n<p>&nbsp;<\/p>\n<p>INSCRI\u00c7\u00c3O PARA O EVENTO E WORKSHOP<\/p>\n<p>SUBMISS\u00c3O DE TRABALHO\/S<\/p>\n<p>&nbsp;<\/p>\n<p><a href=\"https:\/\/gallery.mailchimp.com\/a7bfcaa6819adeb66dc1cda89\/files\/06f5a3be-bbdc-4c03-9184-370734f9acc5\/Chamada_para_Trabalhos_portugues.pdf\">CHAMADA PARA TRABALHOS (PORTUGU\u00caS)<\/a><\/p>\n<p>&nbsp;<\/p>\n<p><a href=\"https:\/\/gallery.mailchimp.com\/a7bfcaa6819adeb66dc1cda89\/files\/83dfcf8c-f966-419f-9c87-5e3544cd8759\/Llamada_para_Trabajos_espanhol.pdf\">LLAMADA PARA TRABAJOS (ESPA\u00d1OL)<\/a><\/p>\n<p>&nbsp;<\/p>\n<p>____________________________________________________________<\/p>\n<p>&nbsp;<\/p>\n<p>Para maiores informa\u00e7\u00f5es: ligue para (21) 2542-1031 ou envie um e-mail para secretariappg-pmus@unirio.br<\/p>\n<p>Atendimento em hor\u00e1rio commercial<\/p>\n","protected":false},"excerpt":{"rendered":"<p>Museus e Museologia na Am\u00e9rica Latina: Compartilhando a\u00e7\u00f5es para a pesquisa, a qualifca\u00e7ao profissional e a valoriza\u00e7ao de estrat\u00e9gias inclusivas Seminario Internacional e Workshop PPG-MUS: Programa de P\u00f3s-Gradua\u00e7\u00e3o\/Mestrado\u200b \/ Icofom &#8211; International Committee for Museology\u200b \/ ICOFOM LAM Oficial\u200b INSCREVA-SE AQUI! Para realizar a inscri\u00e7\u00e3o em nosso evento ou no workshop \u00e9 necess\u00e1rio realizar o [&hellip;]<\/p>\n","protected":false},"author":35,"featured_media":0,"comment_status":"open","ping_status":"open","sticky":false,"template":"","format":"standard","meta":{"footnotes":""},"categories":[18],"tags":[],"yst_prominent_words":[],"acf":[],"_links":{"self":[{"href":"https:\/\/icofom.mini.icom.museum\/es\/wp-json\/wp\/v2\/posts\/2566"}],"collection":[{"href":"https:\/\/icofom.mini.icom.museum\/es\/wp-json\/wp\/v2\/posts"}],"about":[{"href":"https:\/\/icofom.mini.icom.museum\/es\/wp-json\/wp\/v2\/types\/post"}],"author":[{"embeddable":true,"href":"https:\/\/icofom.mini.icom.museum\/es\/wp-json\/wp\/v2\/users\/35"}],"replies":[{"embeddable":true,"href":"https:\/\/icofom.mini.icom.museum\/es\/wp-json\/wp\/v2\/comments?post=2566"}],"version-history":[{"count":1,"href":"https:\/\/icofom.mini.icom.museum\/es\/wp-json\/wp\/v2\/posts\/2566\/revisions"}],"predecessor-version":[{"id":2567,"href":"https:\/\/icofom.mini.icom.museum\/es\/wp-json\/wp\/v2\/posts\/2566\/revisions\/2567"}],"wp:attachment":[{"href":"https:\/\/icofom.mini.icom.museum\/es\/wp-json\/wp\/v2\/media?parent=2566"}],"wp:term":[{"taxonomy":"category","embeddable":true,"href":"https:\/\/icofom.mini.icom.museum\/es\/wp-json\/wp\/v2\/categories?post=2566"},{"taxonomy":"post_tag","embeddable":true,"href":"https:\/\/icofom.mini.icom.museum\/es\/wp-json\/wp\/v2\/tags?post=2566"},{"taxonomy":"yst_prominent_words","embeddable":true,"href":"https:\/\/icofom.mini.icom.museum\/es\/wp-json\/wp\/v2\/yst_prominent_words?post=2566"}],"curies":[{"name":"wp","href":"https:\/\/api.w.org\/{rel}","templated":true}]}}