{"id":3219,"date":"2020-03-14T19:34:53","date_gmt":"2020-03-14T19:34:53","guid":{"rendered":"http:\/\/icofom.mini.icom.museum\/?p=3219"},"modified":"2020-08-12T20:23:07","modified_gmt":"2020-08-12T20:23:07","slug":"xxviii-encuentro-del-icofom-lam","status":"publish","type":"post","link":"https:\/\/icofom.mini.icom.museum\/es\/xxviii-encuentro-del-icofom-lam\/","title":{"rendered":"XXVIII Encuentro del ICOFOM LAM"},"content":{"rendered":"<section id=\"content\" class=\"content-wrapper\" role=\"main\">\n<div class=\"wrapper \">\n<div class=\"content-wrapper page-content\">\n<div class=\"page-decoration-container\">\n<section class=\"uk-container uk-container-large page-container\">\n<div class=\"page-content text-content\">\n<div id=\"RTE_CONTENT\">\n<div id=\"c21948\" class=\"csc-default\">\n<div class=\"csc-textpic-text\">\n<p class=\"bodytext\" style=\"text-align: left\"><b>\u00a0 XXVIII Encuentro del ICOFOM LAM<\/b><\/p>\n<p class=\"bodytext\" style=\"text-align: left\"><b>\u201cHacia una definici\u00f3n de museo en perspectiva latinoamericana y caribe\u00f1a:\u00a0 \u00a0 \u00a0 \u00a0 \u00a0 \u00a0 \u00a0 \u00a0 \u00a0 \u00a0 \u00a0 \u00a0 \u00a0 \u00a0<\/b><b>Fundamentos epistemol\u00f3gicos\u201d<br \/>\n<\/b><\/p>\n<p class=\"bodytext\" style=\"text-align: left\"><b>\u00a07 al 9 de Noviembre<\/b><\/p>\n<p class=\"bodytext\">Lugar: Ciudad de C\u00f3rdoba, C\u00f3rdoba, Argentina.<\/p>\n<p class=\"bodytext\" style=\"text-align: left\">\n<p class=\"bodytext\" style=\"text-align: left\"><a href=\"http:\/\/icofom.mini.icom.museum\/wp-content\/uploads\/sites\/18\/2020\/08\/2a-CIRCULAR-ICOFOMLAM-2020-sp.pdf\"><b>2da. Circular<\/b><\/a><\/p>\n<p class=\"bodytext\" style=\"text-align: left\"><b><br \/>\nXXVIII Encontro do ICOFOM LAM<\/b><\/p>\n<p class=\"bodytext\" style=\"text-align: left\"><b>\u201cEm dire\u00e7\u00e3o a uma defini\u00e7\u00e3o de museu na perspectiva da Am\u00e9rica Latina e do\u00a0Caribe: \u00a0<\/b><b>Fundamentos epistemol\u00f3gicos\u201d<br \/>\n<\/b><b><\/b><\/p>\n<p class=\"bodytext\"><a title=\"TEXT, 27 ICOFOM LAM 1a Circular - 1st Notice, 27_ICOFOM_LAM_1a_Circular_-_1st_Notice.pdf, 145 KB\" href=\"https:\/\/drive.google.com\/open?id=1skKLjieiid64Gg47hL68IEwhnkKPDRgZ\" target=\"_blank\" rel=\"noopener\">1ra. Circular<\/a><\/p>\n<\/div>\n<\/div>\n<\/div>\n<\/div>\n<\/section>\n<\/div>\n<\/div>\n<\/div>\n<\/section>\n<div class=\"newsletter\">\n<div class=\"uk-container uk-container-large\">\n<div class=\"newsletter-container\">\n<div class=\"newsletter-title\">\n<p><a href=\"https:\/\/icofom.mini.icom.museum\/es\/subcomites\/icofom-lac-next-conference\/\">2da. Circular<\/a><\/p>\n<\/div>\n<\/div>\n<\/div>\n<\/div>\n","protected":false},"excerpt":{"rendered":"<p>\u00a0 XXVIII Encuentro del ICOFOM LAM \u201cHacia una definici\u00f3n de museo en perspectiva latinoamericana y caribe\u00f1a:\u00a0 \u00a0 \u00a0 \u00a0 \u00a0 \u00a0 \u00a0 \u00a0 \u00a0 \u00a0 \u00a0 \u00a0 \u00a0 \u00a0Fundamentos epistemol\u00f3gicos\u201d \u00a07 al 9 de Noviembre Lugar: Ciudad de C\u00f3rdoba, C\u00f3rdoba, Argentina. 2da. Circular XXVIII Encontro do ICOFOM LAM \u201cEm dire\u00e7\u00e3o a uma defini\u00e7\u00e3o de museu [&hellip;]<\/p>\n","protected":false},"author":35,"featured_media":0,"comment_status":"open","ping_status":"open","sticky":false,"template":"","format":"standard","meta":{"footnotes":""},"categories":[793],"tags":[],"yst_prominent_words":[2080,2079,2690,387,1387,1386,1287,2081,2152,2158,1385,1384],"acf":[],"_links":{"self":[{"href":"https:\/\/icofom.mini.icom.museum\/es\/wp-json\/wp\/v2\/posts\/3219"}],"collection":[{"href":"https:\/\/icofom.mini.icom.museum\/es\/wp-json\/wp\/v2\/posts"}],"about":[{"href":"https:\/\/icofom.mini.icom.museum\/es\/wp-json\/wp\/v2\/types\/post"}],"author":[{"embeddable":true,"href":"https:\/\/icofom.mini.icom.museum\/es\/wp-json\/wp\/v2\/users\/35"}],"replies":[{"embeddable":true,"href":"https:\/\/icofom.mini.icom.museum\/es\/wp-json\/wp\/v2\/comments?post=3219"}],"version-history":[{"count":10,"href":"https:\/\/icofom.mini.icom.museum\/es\/wp-json\/wp\/v2\/posts\/3219\/revisions"}],"predecessor-version":[{"id":3878,"href":"https:\/\/icofom.mini.icom.museum\/es\/wp-json\/wp\/v2\/posts\/3219\/revisions\/3878"}],"wp:attachment":[{"href":"https:\/\/icofom.mini.icom.museum\/es\/wp-json\/wp\/v2\/media?parent=3219"}],"wp:term":[{"taxonomy":"category","embeddable":true,"href":"https:\/\/icofom.mini.icom.museum\/es\/wp-json\/wp\/v2\/categories?post=3219"},{"taxonomy":"post_tag","embeddable":true,"href":"https:\/\/icofom.mini.icom.museum\/es\/wp-json\/wp\/v2\/tags?post=3219"},{"taxonomy":"yst_prominent_words","embeddable":true,"href":"https:\/\/icofom.mini.icom.museum\/es\/wp-json\/wp\/v2\/yst_prominent_words?post=3219"}],"curies":[{"name":"wp","href":"https:\/\/api.w.org\/{rel}","templated":true}]}}