{"id":3582,"date":"2020-05-22T19:26:29","date_gmt":"2020-05-22T19:26:29","guid":{"rendered":"http:\/\/icofom.mini.icom.museum\/the-decolonization-of-museology-museums-mixing-and-the-myths-of-origins\/"},"modified":"2020-08-09T16:04:42","modified_gmt":"2020-08-09T16:04:42","slug":"the-decolonization-of-museology-museums-mixing-and-the-myths-of-origins","status":"publish","type":"post","link":"https:\/\/icofom.mini.icom.museum\/es\/the-decolonization-of-museology-museums-mixing-and-the-myths-of-origins\/","title":{"rendered":"&#8220;La decolonizaci\u00f3n de la museolog\u00eda: museos, mestizajes y mitos de origen&#8221;"},"content":{"rendered":"<div id=\"c9881\">\n<div id=\"c9881\">\n<h4><strong>Estimados miembros de ICOFOM y dem\u00e1s colegas de la comunidad museal,<\/strong><\/h4>\n<p dir=\"ltr\">En virtud de la pandemia COVID-19, informamos por este medio la postergaci\u00f3n del 43\u00b0 Encuentro de ICOFOM, organizado en conjunto con Patrimonio Ind\u00edgena y Museos Canadienses, en las ciudades de Montreal, Quebec, y Gatineau-Ottawa. El evento, que estaba previsto realizarse entre los d\u00edas 28 de octubre al 02 de noviembre del corriente a\u00f1o.<\/p>\n<p>As\u00ed tambi\u00e9n,\u00a0<strong>extenderemos el plazo para la Recepci\u00f3n de Art\u00edculos hasta el d\u00eda 31 de mayo de 2020 indefectiblemente<\/strong>. Los art\u00edculos deber\u00e1n ser enviados a la misma direcci\u00f3n que consta en las comunicaciones anteriores:\u00a0<a href=\"mailto:icofomsymposium@gmail.com\" target=\"_blank\" rel=\"nofollow noopener\">icofomsymposium@gmail.com<\/a>. La\u00a0informaci\u00f3n de recepci\u00f3n\u00a0<span class=\"link_red\"><a href=\"https:\/\/drive.google.com\/open?id=1xI2xJfdNFuniJcttympZuVcwHnLxqphR\">CFP<\/a>\u00a0y\u00a0<\/span>de los art\u00edculos sigue siendo la misma (salvo el cambio de la fecha final de presentaci\u00f3n). \u00a0<strong><span class=\"link_red\"><a href=\"https:\/\/drive.google.com\/drive\/folders\/1M0lhWHc13A2L0ll16TQrc7MnaRoBM6Bd\" target=\"_blank\" rel=\"noopener\">Las\u00a0reglas de formato<\/a>\u00a0<\/span><\/strong>est\u00e1n disponibles en ingl\u00e9s, franc\u00e9s y espa\u00f1ol.<\/p>\n<p>Cuidase,<\/p>\n<p>La junta del ICOFOM<\/p>\n<\/div>\n<\/div>\n<div id=\"c9881\">\n<p><img decoding=\"async\" loading=\"lazy\" class=\"alignnone size-medium wp-image-3267\" src=\"http:\/\/icofom.mini.icom.museum\/wp-content\/uploads\/sites\/18\/2020\/03\/DSC08887-300x225.jpg\" alt=\"\" width=\"300\" height=\"225\" srcset=\"https:\/\/icofom.mini.icom.museum\/wp-content\/uploads\/sites\/18\/2020\/03\/DSC08887-300x225.jpg 300w, https:\/\/icofom.mini.icom.museum\/wp-content\/uploads\/sites\/18\/2020\/03\/DSC08887-768x576.jpg 768w, https:\/\/icofom.mini.icom.museum\/wp-content\/uploads\/sites\/18\/2020\/03\/DSC08887-1024x768.jpg 1024w\" sizes=\"(max-width: 300px) 100vw, 300px\" \/><img decoding=\"async\" loading=\"lazy\" class=\"alignnone size-medium wp-image-3270\" src=\"http:\/\/icofom.mini.icom.museum\/wp-content\/uploads\/sites\/18\/2020\/03\/DSC08889-300x225.jpg\" alt=\"\" width=\"300\" height=\"225\" srcset=\"https:\/\/icofom.mini.icom.museum\/wp-content\/uploads\/sites\/18\/2020\/03\/DSC08889-300x225.jpg 300w, https:\/\/icofom.mini.icom.museum\/wp-content\/uploads\/sites\/18\/2020\/03\/DSC08889-768x576.jpg 768w, https:\/\/icofom.mini.icom.museum\/wp-content\/uploads\/sites\/18\/2020\/03\/DSC08889-1024x768.jpg 1024w\" sizes=\"(max-width: 300px) 100vw, 300px\" \/><\/p>\n<\/div>\n","protected":false},"excerpt":{"rendered":"<p>Estimados miembros de ICOFOM y dem\u00e1s colegas de la comunidad museal, En virtud de la pandemia COVID-19, informamos por este medio la postergaci\u00f3n del 43\u00b0 Encuentro de ICOFOM, organizado en conjunto con Patrimonio Ind\u00edgena y Museos Canadienses, en las ciudades de Montreal, Quebec, y Gatineau-Ottawa. El evento, que estaba previsto realizarse entre los d\u00edas 28 [&hellip;]<\/p>\n","protected":false},"author":35,"featured_media":0,"comment_status":"open","ping_status":"open","sticky":false,"template":"","format":"standard","meta":{"footnotes":""},"categories":[793],"tags":[],"yst_prominent_words":[1766,387,68,2095,480,215,194,1762,2081,86,1765,699,214,1764,1769,216,1768],"acf":[],"_links":{"self":[{"href":"https:\/\/icofom.mini.icom.museum\/es\/wp-json\/wp\/v2\/posts\/3582"}],"collection":[{"href":"https:\/\/icofom.mini.icom.museum\/es\/wp-json\/wp\/v2\/posts"}],"about":[{"href":"https:\/\/icofom.mini.icom.museum\/es\/wp-json\/wp\/v2\/types\/post"}],"author":[{"embeddable":true,"href":"https:\/\/icofom.mini.icom.museum\/es\/wp-json\/wp\/v2\/users\/35"}],"replies":[{"embeddable":true,"href":"https:\/\/icofom.mini.icom.museum\/es\/wp-json\/wp\/v2\/comments?post=3582"}],"version-history":[{"count":6,"href":"https:\/\/icofom.mini.icom.museum\/es\/wp-json\/wp\/v2\/posts\/3582\/revisions"}],"predecessor-version":[{"id":3598,"href":"https:\/\/icofom.mini.icom.museum\/es\/wp-json\/wp\/v2\/posts\/3582\/revisions\/3598"}],"wp:attachment":[{"href":"https:\/\/icofom.mini.icom.museum\/es\/wp-json\/wp\/v2\/media?parent=3582"}],"wp:term":[{"taxonomy":"category","embeddable":true,"href":"https:\/\/icofom.mini.icom.museum\/es\/wp-json\/wp\/v2\/categories?post=3582"},{"taxonomy":"post_tag","embeddable":true,"href":"https:\/\/icofom.mini.icom.museum\/es\/wp-json\/wp\/v2\/tags?post=3582"},{"taxonomy":"yst_prominent_words","embeddable":true,"href":"https:\/\/icofom.mini.icom.museum\/es\/wp-json\/wp\/v2\/yst_prominent_words?post=3582"}],"curies":[{"name":"wp","href":"https:\/\/api.w.org\/{rel}","templated":true}]}}