{"id":4846,"date":"2021-09-01T17:50:21","date_gmt":"2021-09-01T17:50:21","guid":{"rendered":"https:\/\/icofom.mini.icom.museum\/?p=4846"},"modified":"2021-09-09T17:50:35","modified_gmt":"2021-09-09T17:50:35","slug":"dos-nuevas-publicaciones","status":"publish","type":"post","link":"https:\/\/icofom.mini.icom.museum\/es\/dos-nuevas-publicaciones\/","title":{"rendered":"Dos nuevas publicaciones"},"content":{"rendered":"<p>Los vol\u00famenes cuarto y quinto de la serie &#8220;Teor\u00eda Museologica de Am\u00e9rica Latina. \u00a1Textos de referencia&#8221; acaban de ser publicados!<\/p>\n<p>Estos vol\u00famenes se publican en tres idiomas: espa\u00f1ol, portugu\u00e9s e ingl\u00e9s.<\/p>\n<p>Los cinco vol\u00famenes completos de la serie son de acceso abierto y se pueden leer siguiendo este enlace:<\/p>\n<ol>\n<li><a href=\"https:\/\/drive.google.com\/file\/d\/1vXf-EyGQiDYsBRi0TVu9rTvAieLcm42y\/view\" target=\"_blank\" rel=\"noopener\"><strong>Latin American Museological Theory: Protohistory<\/strong>, Sandra Escudero (ed.)<\/a><\/li>\n<li><a href=\"https:\/\/drive.google.com\/file\/d\/1Bs8ti8_3gScrdixHVjQqWE1KYaMBVhQI\/view\" target=\"_blank\" rel=\"noopener\"><strong>Marta Arjona P\u00e9rez<\/strong>, Olga Nazor &amp; Sandra Escudero (eds.)<\/a><\/li>\n<li><a href=\"https:\/\/drive.google.com\/file\/d\/1noYbGSWQ70BhqWTRxdxjaEkpxoGCw_au\/view\" target=\"_blank\" rel=\"noopener\"><strong>Waldisa R\u00fassio Camargo Guarnieri<\/strong>, Luciana Menezes de Carvalho &amp; Sandra Escudero (eds.)<\/a><\/li>\n<li><a href=\"https:\/\/icofom.mini.icom.museum\/wp-content\/uploads\/sites\/18\/2021\/08\/Icofom_FelipeLacouture_03.pdf\" target=\"_blank\" rel=\"noopener\"><strong>Felipe Lacouture Fornelli<\/strong>, Carlos V\u00e1zquez Olvera (comp.)<\/a><\/li>\n<li><a href=\"https:\/\/icofom.mini.icom.museum\/wp-content\/uploads\/sites\/18\/2021\/08\/Icfm_NormaRusconi_02.pdf\" target=\"_blank\" rel=\"noopener\"><strong>Norma Rusconi<\/strong>, Nelly Decarolis (comp.)<\/a><\/li>\n<\/ol>\n","protected":false},"excerpt":{"rendered":"<p>Los vol\u00famenes cuarto y quinto de la serie &#8220;Teor\u00eda Museologica de Am\u00e9rica Latina. \u00a1Textos de referencia&#8221; acaban de ser publicados! Estos vol\u00famenes se publican en tres idiomas: espa\u00f1ol, portugu\u00e9s e ingl\u00e9s. Los cinco vol\u00famenes completos de la serie son de acceso abierto y se pueden leer siguiendo este enlace: Latin American Museological Theory: Protohistory, Sandra [&hellip;]<\/p>\n","protected":false},"author":78,"featured_media":4833,"comment_status":"open","ping_status":"open","sticky":false,"template":"","format":"standard","meta":{"footnotes":""},"categories":[2067],"tags":[],"yst_prominent_words":[387,2095,194,2958,86,2733,214,2024,548,2734],"acf":[],"_links":{"self":[{"href":"https:\/\/icofom.mini.icom.museum\/es\/wp-json\/wp\/v2\/posts\/4846"}],"collection":[{"href":"https:\/\/icofom.mini.icom.museum\/es\/wp-json\/wp\/v2\/posts"}],"about":[{"href":"https:\/\/icofom.mini.icom.museum\/es\/wp-json\/wp\/v2\/types\/post"}],"author":[{"embeddable":true,"href":"https:\/\/icofom.mini.icom.museum\/es\/wp-json\/wp\/v2\/users\/78"}],"replies":[{"embeddable":true,"href":"https:\/\/icofom.mini.icom.museum\/es\/wp-json\/wp\/v2\/comments?post=4846"}],"version-history":[{"count":1,"href":"https:\/\/icofom.mini.icom.museum\/es\/wp-json\/wp\/v2\/posts\/4846\/revisions"}],"predecessor-version":[{"id":4847,"href":"https:\/\/icofom.mini.icom.museum\/es\/wp-json\/wp\/v2\/posts\/4846\/revisions\/4847"}],"wp:featuredmedia":[{"embeddable":true,"href":"https:\/\/icofom.mini.icom.museum\/es\/wp-json\/wp\/v2\/media\/4833"}],"wp:attachment":[{"href":"https:\/\/icofom.mini.icom.museum\/es\/wp-json\/wp\/v2\/media?parent=4846"}],"wp:term":[{"taxonomy":"category","embeddable":true,"href":"https:\/\/icofom.mini.icom.museum\/es\/wp-json\/wp\/v2\/categories?post=4846"},{"taxonomy":"post_tag","embeddable":true,"href":"https:\/\/icofom.mini.icom.museum\/es\/wp-json\/wp\/v2\/tags?post=4846"},{"taxonomy":"yst_prominent_words","embeddable":true,"href":"https:\/\/icofom.mini.icom.museum\/es\/wp-json\/wp\/v2\/yst_prominent_words?post=4846"}],"curies":[{"name":"wp","href":"https:\/\/api.w.org\/{rel}","templated":true}]}}