{"id":6356,"date":"2023-03-12T01:45:48","date_gmt":"2023-03-12T00:45:48","guid":{"rendered":"https:\/\/icofom.mini.icom.museum\/?p=6356"},"modified":"2023-04-02T23:54:33","modified_gmt":"2023-04-02T21:54:33","slug":"obituario-carlos-vazquez","status":"publish","type":"post","link":"https:\/\/icofom.mini.icom.museum\/es\/obituario-carlos-vazquez\/","title":{"rendered":"OBITUARIO &#8211; CARLOS V\u00c1ZQUEZ"},"content":{"rendered":"<p><img decoding=\"async\" loading=\"lazy\" class=\"size-medium wp-image-6360 alignright\" src=\"https:\/\/icofom.mini.icom.museum\/wp-content\/uploads\/sites\/18\/2023\/03\/336130243_5874567322639009_7129398237037003134_n-240x300.jpg\" alt=\"\" width=\"240\" height=\"300\" srcset=\"https:\/\/icofom.mini.icom.museum\/wp-content\/uploads\/sites\/18\/2023\/03\/336130243_5874567322639009_7129398237037003134_n-240x300.jpg 240w, https:\/\/icofom.mini.icom.museum\/wp-content\/uploads\/sites\/18\/2023\/03\/336130243_5874567322639009_7129398237037003134_n-819x1024.jpg 819w, https:\/\/icofom.mini.icom.museum\/wp-content\/uploads\/sites\/18\/2023\/03\/336130243_5874567322639009_7129398237037003134_n-768x960.jpg 768w, https:\/\/icofom.mini.icom.museum\/wp-content\/uploads\/sites\/18\/2023\/03\/336130243_5874567322639009_7129398237037003134_n-1229x1536.jpg 1229w, https:\/\/icofom.mini.icom.museum\/wp-content\/uploads\/sites\/18\/2023\/03\/336130243_5874567322639009_7129398237037003134_n.jpg 1440w\" sizes=\"(max-width: 240px) 100vw, 240px\" \/><\/p>\n<p><span style=\"color: #000000\"><span style=\"font-family: Liberation Serif, serif\"><span style=\"font-size: medium\">El Doctor Carlos V\u00e1zquez Olvera, naci\u00f3 en Puebla el 04 de noviembre de 1954, obtuvo una licenciatura en sociolog\u00eda por la Universidad Aut\u00f3noma Metropolitana, Maestria en antropolog\u00eda y Doctorado por la Escuela Nacional de Antropolog\u00eda e Historia. Desde 1976 trabaj\u00f3 para el Instituto Nacional de Antropolog\u00eda e Historia, como profesor\u2013investigador de la Coordinaci\u00f3n Nacional de Museos y Exposiciones, subdirector de exposiciones itinerantes, coordinador de la maestr\u00eda en Museolog\u00eda en la Escuela Nacional de Conservaci\u00f3n Restauraci\u00f3n y Museograf\u00eda \u201cManuel del Castillo Negrete\u201d y director del Museo Nacional de las Culturas.<\/span><\/span><\/span><\/p>\n<p><span style=\"color: #000000\"><span style=\"font-family: Liberation Serif, serif\"><span style=\"font-size: medium\">En 1994 obtuvo el Premio \u201cMiguel Covarrubias\u201d del INAH a la mejor investigaci\u00f3n de museos. En 2003, logr\u00f3 una menci\u00f3n honor\u00edfica en la categor\u00eda de investigaci\u00f3n y un reconocimiento por la labor desempe\u00f1ada durante 40 a\u00f1os en el INAH. Por parte de la Secretar\u00eda de Educaci\u00f3n P\u00fablica fue acreedor a la Medalla \u201cMaestro Rafael Ram\u00edrez\u201d otorgada por 30 a\u00f1os de servicios docentes as\u00ed como el Reconocimiento ICOM en 2011.\u00a0<\/span><\/span><\/span><\/p>\n<p><span style=\"color: #000000\"><span style=\"font-family: Liberation Serif, serif\"><span style=\"font-size: medium\">Fue tesorero del ICOM M\u00e9xico y miembro del ICOFOM e ICOFOM LAC, donde apoy\u00f3 al desarrollo y compilaci\u00f3n del texto: \u201cTeor\u00eda Museol\u00f3gica Latinoamericana. Textos fundamentales. Felipe Lacouture Fornelli\u201d, de quien era su bi\u00f3grafo y del XXIX Encuentro del ICOFOM LAC \u201cLa Decolonizaci\u00f3n de la museolog\u00eda desde Am\u00e9rica Latina y el Caribe: Museos, mestizajes y mitos de origen\u201d, llevado a cabo (en l\u00ednea) en la Escuela Nacional de Conservaci\u00f3n, Restauraci\u00f3n y Museograf\u00eda \u201cManuel del Castillo Negrete\u201d en 2021.<\/span><\/span><\/span><\/p>\n<p style=\"text-align: right\"><em>Scarlet Galindo Monteagudo, 10 de marzo de 2023.<\/em><\/p>\n<p style=\"text-align: right\"><em>Imagen: Dr. Carlos V\u00e1zquez Olvera, recibiendo el reconocimiento ICOM M\u00e9xico 2011 Fotograf\u00eda: Iv\u00e1n Garc\u00eda<\/em><\/p>\n","protected":false},"excerpt":{"rendered":"<p>El Doctor Carlos V\u00e1zquez Olvera, naci\u00f3 en Puebla el 04 de noviembre de 1954, obtuvo una licenciatura en sociolog\u00eda por la Universidad Aut\u00f3noma Metropolitana, Maestria en antropolog\u00eda y Doctorado por la Escuela Nacional de Antropolog\u00eda e Historia. Desde 1976 trabaj\u00f3 para el Instituto Nacional de Antropolog\u00eda e Historia, como profesor\u2013investigador de la Coordinaci\u00f3n Nacional de [&hellip;]<\/p>\n","protected":false},"author":78,"featured_media":6384,"comment_status":"open","ping_status":"open","sticky":false,"template":"","format":"standard","meta":{"footnotes":""},"categories":[3312],"tags":[],"yst_prominent_words":[3108,3105,3100,3106,3107,3101],"acf":[],"_links":{"self":[{"href":"https:\/\/icofom.mini.icom.museum\/es\/wp-json\/wp\/v2\/posts\/6356"}],"collection":[{"href":"https:\/\/icofom.mini.icom.museum\/es\/wp-json\/wp\/v2\/posts"}],"about":[{"href":"https:\/\/icofom.mini.icom.museum\/es\/wp-json\/wp\/v2\/types\/post"}],"author":[{"embeddable":true,"href":"https:\/\/icofom.mini.icom.museum\/es\/wp-json\/wp\/v2\/users\/78"}],"replies":[{"embeddable":true,"href":"https:\/\/icofom.mini.icom.museum\/es\/wp-json\/wp\/v2\/comments?post=6356"}],"version-history":[{"count":5,"href":"https:\/\/icofom.mini.icom.museum\/es\/wp-json\/wp\/v2\/posts\/6356\/revisions"}],"predecessor-version":[{"id":6389,"href":"https:\/\/icofom.mini.icom.museum\/es\/wp-json\/wp\/v2\/posts\/6356\/revisions\/6389"}],"wp:featuredmedia":[{"embeddable":true,"href":"https:\/\/icofom.mini.icom.museum\/es\/wp-json\/wp\/v2\/media\/6384"}],"wp:attachment":[{"href":"https:\/\/icofom.mini.icom.museum\/es\/wp-json\/wp\/v2\/media?parent=6356"}],"wp:term":[{"taxonomy":"category","embeddable":true,"href":"https:\/\/icofom.mini.icom.museum\/es\/wp-json\/wp\/v2\/categories?post=6356"},{"taxonomy":"post_tag","embeddable":true,"href":"https:\/\/icofom.mini.icom.museum\/es\/wp-json\/wp\/v2\/tags?post=6356"},{"taxonomy":"yst_prominent_words","embeddable":true,"href":"https:\/\/icofom.mini.icom.museum\/es\/wp-json\/wp\/v2\/yst_prominent_words?post=6356"}],"curies":[{"name":"wp","href":"https:\/\/api.w.org\/{rel}","templated":true}]}}