{"id":6579,"date":"2023-06-09T20:22:56","date_gmt":"2023-06-09T18:22:56","guid":{"rendered":"https:\/\/icofom.mini.icom.museum\/?p=6579"},"modified":"2023-10-10T07:01:20","modified_gmt":"2023-10-10T05:01:20","slug":"convocatoria-a-presentacion-de-resumenes-para-mesas-xxxi-simposio-anual-del-icofom-lac","status":"publish","type":"post","link":"https:\/\/icofom.mini.icom.museum\/es\/convocatoria-a-presentacion-de-resumenes-para-mesas-xxxi-simposio-anual-del-icofom-lac\/","title":{"rendered":"Convocatoria a presentaci\u00f3n de res\u00famenes para mesas &#8211; XXXI Simposio Anual del ICOFOM LAC"},"content":{"rendered":"<p>ICOFOM LAC se complace en anunciar que se encuentra abierta la convocatoria para el XXXI Simposio Anual \u201cHistorias de la museolog\u00eda latinoamericana y caribe\u00f1a: sujetos, diversidad y pluralidad de experiencias\u201d.<\/p>\n<p>Pensar la Historia de la Museolog\u00eda desde la perspectiva de los sujetos, la diversidad y la pluralidad de experiencias, requiere de un ejercicio te\u00f3rico y metodol\u00f3gico que pueda cuestionar los discursos considerados fundadores de lo que entendemos por museolog\u00eda en nuestra regi\u00f3n. Se trata de una mirada cr\u00edtica sobre las sociedades, sus procesos de colonizaci\u00f3n y descolonizaci\u00f3n, antirracista, inclusiva con la que a partir de los g\u00e9neros y sus disidencias, podemos construir narrativas y perspectivas anal\u00edticas que contribuir\u00e1n a desacralizar clasificaciones constituidas por grupos hegem\u00f3nicos (pol\u00edticos, raciales, culturales y sexuales) en el transcurso de los siglos. Esto nos incita a pensar los procesos hist\u00f3ricos que constituyeron y forman actualmente la museolog\u00eda latinoamericana y caribe\u00f1a, confrontando los procesos de homogeneizaci\u00f3n y los modelos de clasificaci\u00f3n que ejercieron control sobre experiencias y percepciones; silenciando los arreglos, epistemolog\u00edas y pr\u00e1cticas considerados fuera de la norma y limitando el conocimiento sobre nuestra percepci\u00f3n de la sociedad y la cultura. El reconocimiento de la diversidad que nos caracteriza, a trav\u00e9s de la denominaci\u00f3n de las colecciones, objetos y narrativas de los sujetos que conforman los procesos museol\u00f3gicos de nuestra regi\u00f3n, nos proyecta hacia nuevas posibilidades, nuevos saberes y nos revela una imagen m\u00e1s clara de la museolog\u00eda latinoamericana, permitiendo la reescritura de nuestras trayectorias.<\/p>\n<p><strong>Para obtener m\u00e1s informaci\u00f3n sobre los temas del panel para el simposio de este a\u00f1o y c\u00f3mo enviar su trabajo:<\/strong> <a href=\"https:\/\/icofom.mini.icom.museum\/wp-content\/uploads\/sites\/18\/2023\/06\/2-29-mayo-esp-cfp-xxxi-icofom-lac-copy-2.pdf\">ESP CFP<\/a><\/p>\n<p>La fecha l\u00edmite para la presentaci\u00f3n de res\u00famenes: 15 de julio de 2023<\/p>\n<p><strong>La llamada para propuestas ya est\u00e1 cerrada.<\/strong><\/p>\n<p>Registro para el simposio:<\/p>\n<p><a href=\"https:\/\/www.even3.com.br\/icofomlac\/\">https:\/\/www.even3.com.br\/icofomlac\/<\/a><\/p>\n","protected":false},"excerpt":{"rendered":"<p>ICOFOM LAC se complace en anunciar que se encuentra abierta la convocatoria para el XXXI Simposio Anual \u201cHistorias de la museolog\u00eda latinoamericana y caribe\u00f1a: sujetos, diversidad y pluralidad de experiencias\u201d. Pensar la Historia de la Museolog\u00eda desde la perspectiva de los sujetos, la diversidad y la pluralidad de experiencias, requiere de un ejercicio te\u00f3rico y [&hellip;]<\/p>\n","protected":false},"author":105,"featured_media":6580,"comment_status":"open","ping_status":"open","sticky":false,"template":"","format":"standard","meta":{"footnotes":""},"categories":[18],"tags":[],"yst_prominent_words":[78,486,552,206,1498],"acf":[],"_links":{"self":[{"href":"https:\/\/icofom.mini.icom.museum\/es\/wp-json\/wp\/v2\/posts\/6579"}],"collection":[{"href":"https:\/\/icofom.mini.icom.museum\/es\/wp-json\/wp\/v2\/posts"}],"about":[{"href":"https:\/\/icofom.mini.icom.museum\/es\/wp-json\/wp\/v2\/types\/post"}],"author":[{"embeddable":true,"href":"https:\/\/icofom.mini.icom.museum\/es\/wp-json\/wp\/v2\/users\/105"}],"replies":[{"embeddable":true,"href":"https:\/\/icofom.mini.icom.museum\/es\/wp-json\/wp\/v2\/comments?post=6579"}],"version-history":[{"count":3,"href":"https:\/\/icofom.mini.icom.museum\/es\/wp-json\/wp\/v2\/posts\/6579\/revisions"}],"predecessor-version":[{"id":6900,"href":"https:\/\/icofom.mini.icom.museum\/es\/wp-json\/wp\/v2\/posts\/6579\/revisions\/6900"}],"wp:featuredmedia":[{"embeddable":true,"href":"https:\/\/icofom.mini.icom.museum\/es\/wp-json\/wp\/v2\/media\/6580"}],"wp:attachment":[{"href":"https:\/\/icofom.mini.icom.museum\/es\/wp-json\/wp\/v2\/media?parent=6579"}],"wp:term":[{"taxonomy":"category","embeddable":true,"href":"https:\/\/icofom.mini.icom.museum\/es\/wp-json\/wp\/v2\/categories?post=6579"},{"taxonomy":"post_tag","embeddable":true,"href":"https:\/\/icofom.mini.icom.museum\/es\/wp-json\/wp\/v2\/tags?post=6579"},{"taxonomy":"yst_prominent_words","embeddable":true,"href":"https:\/\/icofom.mini.icom.museum\/es\/wp-json\/wp\/v2\/yst_prominent_words?post=6579"}],"curies":[{"name":"wp","href":"https:\/\/api.w.org\/{rel}","templated":true}]}}