{"id":6678,"date":"2023-07-31T10:45:28","date_gmt":"2023-07-31T08:45:28","guid":{"rendered":"https:\/\/icofom.mini.icom.museum\/?p=6678"},"modified":"2023-10-06T04:46:55","modified_gmt":"2023-10-06T02:46:55","slug":"llamado-a-propuestas-46o-simposio-icofom","status":"publish","type":"post","link":"https:\/\/icofom.mini.icom.museum\/es\/llamado-a-propuestas-46o-simposio-icofom\/","title":{"rendered":"LLAMADO A PROPUESTAS: 46\u00ba Simposio ICOFOM"},"content":{"rendered":"<h2>LLAMADO A PROPUESTAS<\/h2>\n<h2>Simposio sobre el Legado y el Impacto de la Museolog\u00eda Latinoamericana y Caribe\u00f1a<\/h2>\n<p>ICOFOM anuncia la convocatoria de ponencias para su 46\u00ba simposio anual sobre el tema \u201cEl legado y el impacto de la museolog\u00eda latinoamericana y caribe\u00f1a\u201d. El simposio tendr\u00e1 lugar del <strong>6 al 10 de noviembre en Recife, Brasil,<\/strong> en colaboraci\u00f3n con el simposio del ICOFOM LAC sobre Historias de la Museolog\u00eda Latinoamericana y Caribe\u00f1a.<\/p>\n<p>Se celebrar\u00e1 en un formato h\u00edbrido, tanto presencial como en l\u00ednea, con traducci\u00f3n simult\u00e1nea al ingl\u00e9s\/espa\u00f1ol\/portugu\u00e9s.<\/p>\n<p>Los res\u00famenes de <strong>250 palabras deber\u00e1n enviarse antes del 31 de agosto.<\/strong><\/p>\n<p><strong>La convocatoria de ponencias est\u00e1 cerrada.<\/strong><\/p>\n<p>Anunciaremos m\u00e1s detalles y el programa de la conferencia pr\u00f3ximamente.<\/p>\n<p>Ver el llamado a propuestas completo en (Eng): <a href=\"https:\/\/icofom.mini.icom.museum\/wp-content\/uploads\/sites\/18\/2023\/07\/Call-for-Papers-2023-copy.pdf\">Call for Papers 2023<\/a><\/p>\n<p>Formulario para propuestas: <a href=\"https:\/\/docs.google.com\/forms\/d\/e\/1FAIpQLSevoelLuEtmiMupEPlGUW-LIysXU9unX76yg_zhkgwC6osKww\/viewform\">link<\/a><\/p>\n<p>&nbsp;<\/p>\n","protected":false},"excerpt":{"rendered":"<p>LLAMADO A PROPUESTAS Simposio sobre el Legado y el Impacto de la Museolog\u00eda Latinoamericana y Caribe\u00f1a ICOFOM anuncia la convocatoria de ponencias para su 46\u00ba simposio anual sobre el tema \u201cEl legado y el impacto de la museolog\u00eda latinoamericana y caribe\u00f1a\u201d. El simposio tendr\u00e1 lugar del 6 al 10 de noviembre en Recife, Brasil, en [&hellip;]<\/p>\n","protected":false},"author":105,"featured_media":6679,"comment_status":"open","ping_status":"open","sticky":false,"template":"","format":"standard","meta":{"footnotes":""},"categories":[18],"tags":[],"yst_prominent_words":[486,2155,2108,2214],"acf":[],"_links":{"self":[{"href":"https:\/\/icofom.mini.icom.museum\/es\/wp-json\/wp\/v2\/posts\/6678"}],"collection":[{"href":"https:\/\/icofom.mini.icom.museum\/es\/wp-json\/wp\/v2\/posts"}],"about":[{"href":"https:\/\/icofom.mini.icom.museum\/es\/wp-json\/wp\/v2\/types\/post"}],"author":[{"embeddable":true,"href":"https:\/\/icofom.mini.icom.museum\/es\/wp-json\/wp\/v2\/users\/105"}],"replies":[{"embeddable":true,"href":"https:\/\/icofom.mini.icom.museum\/es\/wp-json\/wp\/v2\/comments?post=6678"}],"version-history":[{"count":6,"href":"https:\/\/icofom.mini.icom.museum\/es\/wp-json\/wp\/v2\/posts\/6678\/revisions"}],"predecessor-version":[{"id":6863,"href":"https:\/\/icofom.mini.icom.museum\/es\/wp-json\/wp\/v2\/posts\/6678\/revisions\/6863"}],"wp:featuredmedia":[{"embeddable":true,"href":"https:\/\/icofom.mini.icom.museum\/es\/wp-json\/wp\/v2\/media\/6679"}],"wp:attachment":[{"href":"https:\/\/icofom.mini.icom.museum\/es\/wp-json\/wp\/v2\/media?parent=6678"}],"wp:term":[{"taxonomy":"category","embeddable":true,"href":"https:\/\/icofom.mini.icom.museum\/es\/wp-json\/wp\/v2\/categories?post=6678"},{"taxonomy":"post_tag","embeddable":true,"href":"https:\/\/icofom.mini.icom.museum\/es\/wp-json\/wp\/v2\/tags?post=6678"},{"taxonomy":"yst_prominent_words","embeddable":true,"href":"https:\/\/icofom.mini.icom.museum\/es\/wp-json\/wp\/v2\/yst_prominent_words?post=6678"}],"curies":[{"name":"wp","href":"https:\/\/api.w.org\/{rel}","templated":true}]}}