{"id":8239,"date":"2025-10-14T00:40:47","date_gmt":"2025-10-13T22:40:47","guid":{"rendered":"https:\/\/icofom.mini.icom.museum\/?p=8239"},"modified":"2025-10-25T15:47:18","modified_gmt":"2025-10-25T13:47:18","slug":"eleccion-de-la-junta-icofom-2025-candidatos-espanol","status":"publish","type":"post","link":"https:\/\/icofom.mini.icom.museum\/es\/eleccion-de-la-junta-icofom-2025-candidatos-espanol\/","title":{"rendered":"Elecci\u00f3n de la Junta ICOFOM 2025 \u2014 Candidatos (Espa\u00f1ol)"},"content":{"rendered":"<p>Para ver las descripciones en franc\u00e9s o ingl\u00e9s, cambie el idioma de la p\u00e1gina.<\/p>\n<p><strong>Aviso de traducci\u00f3n:<\/strong> Esta p\u00e1gina utiliza traducci\u00f3n asistida por IA. No fue posible una revisi\u00f3n profesional por falta de tiempo y recursos. En caso de discrepancias, prevalecen las postulaciones originales de las candidaturas.<\/p>\n<p><b>Candidata a la Presidencia:<\/b><\/p>\n<p><b>Marion Bertin (FR)<\/b><\/p>\n<p style=\"text-align: left\"><img decoding=\"async\" loading=\"lazy\" class=\"wp-image-8285 alignleft\" src=\"https:\/\/icofom.mini.icom.museum\/wp-content\/uploads\/sites\/18\/2025\/10\/Screenshot-2025-10-21-at-00.06.35-712x1024.png\" alt=\"\" width=\"263\" height=\"378\" srcset=\"https:\/\/icofom.mini.icom.museum\/wp-content\/uploads\/sites\/18\/2025\/10\/Screenshot-2025-10-21-at-00.06.35-712x1024.png 712w, https:\/\/icofom.mini.icom.museum\/wp-content\/uploads\/sites\/18\/2025\/10\/Screenshot-2025-10-21-at-00.06.35-209x300.png 209w, https:\/\/icofom.mini.icom.museum\/wp-content\/uploads\/sites\/18\/2025\/10\/Screenshot-2025-10-21-at-00.06.35-768x1104.png 768w, https:\/\/icofom.mini.icom.museum\/wp-content\/uploads\/sites\/18\/2025\/10\/Screenshot-2025-10-21-at-00.06.35.png 846w\" sizes=\"(max-width: 263px) 100vw, 263px\" \/>Miembro del equipo del ICOFOM desde 2017, soy candidata a presidir el comit\u00e9 para el mandato 2025-2028. Soy muse\u00f3loga, profesional de museos y profesora francesa, formada en Francia y Canad\u00e1, y actualmente trabajo como investigadora postdoctoral en la Universidad Cat\u00f3lica de Lovaina (B\u00e9lgica). Mi investigaci\u00f3n se centra en las colecciones relacionadas con la historia colonial, la museolog\u00eda descolonial y las museolog\u00edas en Ocean\u00eda y \u00c1frica. He colaborado con numerosos museos de Europa y Ocean\u00eda, entre ellos el Museo de Nueva Caledonia, el Mus\u00e9e L de Louvain-la-Neuve, el Mus\u00e9e National Picasso-Paris, el Museo de Historia Natural de Toulouse y el Museo de Artes Africanas, Oce\u00e1nicas y Americanas de Marsella.<\/p>\n<p>Mi participaci\u00f3n en el ICOFOM comenz\u00f3 en 2017, cuando me ofrec\u00ed como voluntaria para ayudar a la secretar\u00eda y en la preparaci\u00f3n de los simposios anuales. Posteriormente, fui elegida para dos mandatos consecutivos como secretaria (2019-2022) y luego como co vicepresidenta (2022-2025). Durante estos dos mandatos, particip\u00e9 en varias actividades: organizaci\u00f3n de conferencias, colaboraciones con el ICOM e instituciones externas, publicaciones, comunicaci\u00f3n, proyectos especiales del SAREC, as\u00ed como debates del ICOM sobre la definici\u00f3n de museo y el c\u00f3digo deontol\u00f3gico. Ahora tengo una idea clara de las estructuras internas y el funcionamiento del ICOM.<\/p>\n<p>Como presidente de ICOFOM, me gustar\u00eda examinar qu\u00e9 es la museolog\u00eda hoy en d\u00eda, desde una perspectiva inter y transnacional. Los museos est\u00e1n replante\u00e1ndose su papel social en relaci\u00f3n con la crisis clim\u00e1tica, el legado colonial y las cuestiones de inclusi\u00f3n. Est\u00e1n surgiendo nuevos museos en Asia, el Golfo y \u00c1frica, lo que convierte a estas regiones en laboratorios para la innovaci\u00f3n muse\u00edstica. Me interesa estudiar m\u00e1s ampliamente la circulaci\u00f3n y la transferencia de conocimientos, experiencia y conceptos muse\u00edsticos en todo el mundo a trav\u00e9s de la formaci\u00f3n y la creaci\u00f3n de nuevos museos. Desde un punto de vista te\u00f3rico, tambi\u00e9n es importante comprender los impactos de la nueva definici\u00f3n de museo, as\u00ed como estudiar la implementaci\u00f3n del nuevo c\u00f3digo \u00e9tico. Deseo seguir los pasos de mis predecesores, con quienes he colaborado ampliamente: Fran\u00e7ois Mairesse, Bruno Brulon Soares y Karen Brown. La descolonizaci\u00f3n, las cuestiones de poder, el papel social de los museos, la museolog\u00eda insular, la museolog\u00eda medioambiental y las colecciones sensibles seguir\u00e1n siendo objeto de estudio exhaustivo. En l\u00ednea con el trabajo realizado anteriormente con la museolog\u00eda en Am\u00e9rica Latina y el Caribe, as\u00ed como en Europa Central y del Norte, pretendo ampliar las \u00e1reas geogr\u00e1ficas estudiadas en el campo de la museolog\u00eda te\u00f3rica. En este sentido, se publicar\u00e1n y traducir\u00e1n algunos textos, ya sean hitos hist\u00f3ricos significativos o textos publicados m\u00e1s recientemente que arrojen luz sobre el desarrollo de los museos.<\/p>\n<p>Uno de mis objetivos como presidente ser\u00e1 fomentar la participaci\u00f3n de j\u00f3venes profesionales de museos y muse\u00f3logos en los debates y actividades del ICOFOM. En particular, promover\u00e9 una mayor implicaci\u00f3n de nuestros colegas de \u00c1frica, Asia, Ocean\u00eda y el Golfo, donde se est\u00e1n creando muchos museos nuevos. En estas regiones se celebrar\u00e1n conferencias anuales, talleres o proyectos especiales financiados por SAREC. Adem\u00e1s, seguir\u00e9 uniendo la teor\u00eda y la pr\u00e1ctica, adem\u00e1s de los museos y las universidades que ofrecen cursos de museolog\u00eda.<\/p>\n<p>Por \u00faltimo, espero que esta elecci\u00f3n permita al ICOFOM y a sus miembros continuar con la importante labor realizada en el seno del ICOM para promover las teor\u00edas muse\u00edsticas, al tiempo que se refuerzan las asociaciones con los comit\u00e9s nacionales e internacionales.<\/p>\n<p>&nbsp;<\/p>\n<p><b>Candidatos a la Vice-Presidencia:<\/b><\/p>\n<p><b>Didier Marcel HOU\u00c9NOUD\u00c9 (Ben\u00edn)<\/b><\/p>\n<p><img decoding=\"async\" loading=\"lazy\" class=\"wp-image-8255 alignleft\" src=\"https:\/\/icofom.mini.icom.museum\/wp-content\/uploads\/sites\/18\/2025\/10\/Didier.jpg\" alt=\"\" width=\"220\" height=\"220\" srcset=\"https:\/\/icofom.mini.icom.museum\/wp-content\/uploads\/sites\/18\/2025\/10\/Didier.jpg 479w, https:\/\/icofom.mini.icom.museum\/wp-content\/uploads\/sites\/18\/2025\/10\/Didier-300x300.jpg 300w, https:\/\/icofom.mini.icom.museum\/wp-content\/uploads\/sites\/18\/2025\/10\/Didier-150x150.jpg 150w\" sizes=\"(max-width: 220px) 100vw, 220px\" \/><\/p>\n<p>Cargo actual: Profesor de Historia del Arte, Universidad de Abomey-Calavi (Ben\u00edn) \/ Investigador<\/p>\n<p>Asociado y subdirector en funciones de las Colecciones Etnogr\u00e1ficas del Estado de Sajonia<\/p>\n<p>A.<\/p>\n<p>Presento mi candidatura al cargo de vicepresidente del Comit\u00e9 Internacional de Museolog\u00eda (ICOFOM) con el deseo de contribuir activamente al desarrollo estrat\u00e9gico de nuestro comit\u00e9, la promoci\u00f3n de la museolog\u00eda y la creaci\u00f3n de redes entre instituciones muse\u00edsticas de todo el mundo.<\/p>\n<p>Como historiador del arte y profesor-investigador, he dedicado mi carrera al estudio, la ense\u00f1anza y la promoci\u00f3n del patrimonio material e inmaterial (Universidad de Abomey-Calavi en Ben\u00edn, Colecciones Etnogr\u00e1ficas Nacionales de Sajonia en Alemania). Mi trayectoria me ha llevado a colaborar con museos nacionales e internacionales, organizar y participar en numerosas conferencias cient\u00edficas y publicar varias obras de referencia sobre historia del arte, patrimonio y museolog\u00eda. Esta experiencia me ha proporcionado un profundo conocimiento de los retos a los que se enfrentan los museos, ya sea en t\u00e9rminos de restituci\u00f3n, inclusi\u00f3n del p\u00fablico, sostenibilidad o transici\u00f3n digital.<\/p>\n<p>B.<\/p>\n<p>Mi visi\u00f3n para el ICOFOM se basa en tres pilares: mejorar la visibilidad de los museos, en particular los museos africanos, y la investigaci\u00f3n museol\u00f3gica; promover la colaboraci\u00f3n intercontinental; y apoyar el desarrollo de eventos cient\u00edficos innovadores e inclusivos.<\/p>\n<p>Para aumentar la visibilidad, propongo impulsar la comunicaci\u00f3n a trav\u00e9s de una plataforma digital colaborativa, una serie de seminarios web tem\u00e1ticos y la mejora del bolet\u00edn trimestral. Estas herramientas permitir\u00e1n una mayor difusi\u00f3n de las ideas museol\u00f3gicas y consolidar\u00e1n el lugar de ICOFOM en el debate internacional.<\/p>\n<p>En cuanto a la colaboraci\u00f3n, me gustar\u00eda desarrollar programas de hermanamiento y residencia entre museos de \u00c1frica, Europa, Asia, Ocean\u00eda y Am\u00e9rica, fomentar la traducci\u00f3n multiling\u00fce de publicaciones y apoyar la creaci\u00f3n de un fondo de movilidad para j\u00f3venes investigadores y profesionales con el fin de promover la circulaci\u00f3n del conocimiento y el acceso equitativo a las oportunidades.<\/p>\n<p>En lo que respecta a las conferencias, aportar\u00e9 mi experiencia a la organizaci\u00f3n de congresos y abogar\u00e9 por la celebraci\u00f3n peri\u00f3dica de conferencias regionales descentralizadas, asociadas a escuelas doctorales itinerantes. Estas iniciativas permitir\u00e1n incluir m\u00e1s plenamente la diversidad de las realidades muse\u00edsticas en la reflexi\u00f3n colectiva.<\/p>\n<p>Estos proyectos forman parte de un enfoque de colaboraci\u00f3n y financiaci\u00f3n, en colaboraci\u00f3n con SAREC, la UNESCO, la Uni\u00f3n Europea y otras instituciones. Tambi\u00e9n propongo la creaci\u00f3n de un observatorio de innovaciones muse\u00edsticas para documentar y analizar las pr\u00e1cticas emergentes.<\/p>\n<p>Como vicepresidente, trabajar\u00e9 en estrecha colaboraci\u00f3n con la presidencia, proporcionando apoyo estrat\u00e9gico y operativo (seguimiento de proyectos, financiaci\u00f3n, representaci\u00f3n internacional). Gracias a mis s\u00f3lidas ra\u00edces acad\u00e9micas en \u00c1frica, apoyar\u00e9 una mayor participaci\u00f3n de colegas de \u00c1frica, Ocean\u00eda y el Golfo, al tiempo que contribuir\u00e9 a la visibilidad y la difusi\u00f3n del conocimiento.<\/p>\n<p>Deseo poner mi experiencia, rigor y compromiso al servicio del ICOFOM, con el fin de convertirlo en una plataforma global para la investigaci\u00f3n, el di\u00e1logo y la experimentaci\u00f3n museol\u00f3gica, al servicio de la cooperaci\u00f3n entre museos y profesionales del patrimonio.<\/p>\n<p>&nbsp;<\/p>\n<p><b>Melissa Aguilar (Costa Rica)<\/b><\/p>\n<p><img decoding=\"async\" loading=\"lazy\" class=\"wp-image-8276 alignleft\" src=\"https:\/\/icofom.mini.icom.museum\/wp-content\/uploads\/sites\/18\/2025\/10\/melissa-774x1024.png\" alt=\"\" width=\"233\" height=\"308\" srcset=\"https:\/\/icofom.mini.icom.museum\/wp-content\/uploads\/sites\/18\/2025\/10\/melissa-774x1024.png 774w, https:\/\/icofom.mini.icom.museum\/wp-content\/uploads\/sites\/18\/2025\/10\/melissa-227x300.png 227w, https:\/\/icofom.mini.icom.museum\/wp-content\/uploads\/sites\/18\/2025\/10\/melissa-768x1016.png 768w, https:\/\/icofom.mini.icom.museum\/wp-content\/uploads\/sites\/18\/2025\/10\/melissa.png 842w\" sizes=\"(max-width: 233px) 100vw, 233px\" \/><\/p>\n<p>Dise\u00f1adora, investigadora y artista visual<\/p>\n<p>Melissa Aguilar Rojas (Costa Rica) tiene una maestr\u00eda en Dise\u00f1o de Comunicaci\u00f3n Visual de la Universidad Nacional Aut\u00f3noma de M\u00e9xico (UNAM), Facultad de Arte y Dise\u00f1o. Sus intereses de investigaci\u00f3n se centran en la museolog\u00eda experimental y la intersecci\u00f3n entre el arte y la tecnolog\u00eda desde una perspectiva cr\u00edtica, lo que se reflej\u00f3 en su proyecto de maestr\u00eda titulado La experiencia inmersiva en el entorno expositivo.<\/p>\n<p>Melissa es miembro individual del ICOM desde 2016 y contribuye activamente en diversos comit\u00e9s en diferentes capacidades. Dentro del ICOFOM, Melissa es miembro ordinario de la junta directiva y copresidenta del Grupo de Trabajo sobre el sitio web para el per\u00edodo 2023-2025. Actualmente forma parte del equipo de comunicaciones del ICOFOM. Adem\u00e1s, fue dise\u00f1adora gr\u00e1fica y coordinadora de redes sociales del ICOM LAC desde noviembre de 2022 hasta mayo de 2023 y actualmente es secretaria del ICOM Costa Rica.<\/p>\n<p>En el \u00e1mbito acad\u00e9mico, present\u00f3 su investigaci\u00f3n sobre pr\u00e1cticas museol\u00f3gicas inmersivas durante la sesi\u00f3n del ICOFOM sobre Museolog\u00eda y Tecnolog\u00eda en la Conferencia Internacional de Kioto de 2019, con su art\u00edculo \u00abMuseolog\u00eda experimental: hacia un m\u00e9todo pr\u00e1ctico\u00bb (publicado en la serie de estudios 48-01 del ICOFOM).<\/p>\n<p>En cuanto al dise\u00f1o gr\u00e1fico y la comunicaci\u00f3n visual, ha dise\u00f1ado materiales promocionales, folletos, portadas de libros y marcas para diversos comit\u00e9s y eventos del ICOM. Como dise\u00f1adora gr\u00e1fica de varios n\u00fameros de la serie de estudios del ICOFOM (Vol. 50, N\u00famero 2 (2023); Vol. 51, N\u00fameros 1-2 (2023); Vol. 52-1 (2024); Vol. 52-2 (2024), Vol. 53-1-2 (2025)), editada por Elizabeth Weiser, introdujo un nuevo enfoque visual a trav\u00e9s de portadas ilustradas. Otras contribuciones clave incluyen trabajos en publicaciones como Materiales para un debate: Museolog\u00edas insulares transnacionales (2024) e Historia de la museolog\u00eda en Am\u00e9rica Latina y el Caribe: Colecciones fundamentales (2024). Adem\u00e1s, dise\u00f1\u00f3 folletos y materiales promocionales para las reuniones de ICOFOM LAC, incluida la 31.\u00aa reuni\u00f3n (Recife, Brasil, 2023) sobre Historias de la museolog\u00eda en Am\u00e9rica Latina y el Caribe y la 30.\u00aa reuni\u00f3n (Barbados, 2022) sobre Museolog\u00eda multivocal en Am\u00e9rica Latina y el Caribe desde la Mesa Redonda de Santiago de 1972.<\/p>\n<p><i>Rol dentro de ICOFOM: Co Vice Presidenta\u00a0<\/i><\/p>\n<p>Estar\u00e9 encantada de seguir contribuyendo a la misi\u00f3n de ICOFOM, esta vez como co-vicepresidenta, apoyando a la nueva junta directiva en el avance de nuestra visi\u00f3n estrat\u00e9gica para el \u00e1mbito museol\u00f3gico y la comunidad muse\u00edstica en general. Mi experiencia como miembro de la junta directiva (2023-2025) ha sido un proceso de aprendizaje inestimable, que ha mejorado mi comprensi\u00f3n de la estructura, la historia y la relevancia actual de ICOFOM como refugio cultural y acad\u00e9mico para el panorama muse\u00edstico internacional.<\/p>\n<p>Tender puentes entre la investigaci\u00f3n acad\u00e9mica y la pr\u00e1ctica creativa es fundamental en mi enfoque profesional, e ICOFOM ha sido la plataforma ideal para aplicar ambas dimensiones, lo que se refleja en mis contribuciones de dise\u00f1o y visuales a lo largo del mandato actual.<\/p>\n<p>Para el pr\u00f3ximo per\u00edodo, concibo mi funci\u00f3n como la de una tejedora: fortalecer las alianzas y fomentar proyectos de colaboraci\u00f3n con otros comit\u00e9s del ICOM, especialmente el ICOFOM LAC y los comit\u00e9s internacionales latinoamericanos, SOMUS y las alianzas regionales.<\/p>\n<p>Como co vicepresidente, mi objetivo es asumir una mayor responsabilidad en la organizaci\u00f3n, negociaci\u00f3n y apoyo a la planificaci\u00f3n estrat\u00e9gica, al tiempo que sigo aportando mi experiencia en dise\u00f1o y comunicaci\u00f3n para la estrategia de comunicaci\u00f3n del ICOFOM. Estoy preparada para representar al ICOFOM cuando sea necesario y participar activamente en la planificaci\u00f3n y coordinaci\u00f3n a trav\u00e9s de nuestras conferencias, reuniones y otros eventos.<\/p>\n<p>Aporto a este cargo un fuerte sentido de la conciencia colectiva, la capacidad de abordar los retos con pensamiento cr\u00edtico y una meticulosa atenci\u00f3n al detalle que alimenta mi necesidad por la excelencia.<\/p>\n<p>Por encima de todo, quiero honrar la confianza depositada en m\u00ed durante mi primer mandato trabajando junto a compa\u00f1eros cuya profesionalidad y dedicaci\u00f3n me inspiran. Me comprometo a aportar mi creatividad, mis habilidades organizativas y mi perspectiva intercultural para ayudar a ICOFOM a reforzar su liderazgo en el pensamiento y la pr\u00e1ctica museol\u00f3gicos durante el periodo 2025-2028.<\/p>\n<p>Grupos de trabajo + habilidades aportadas a dichos grupos:<\/p>\n<p>(1) Grupo de trabajo de comunicaciones<\/p>\n<ul>\n<li>Fortalecimiento de la divulgaci\u00f3n en las plataformas de redes sociales<\/li>\n<li>Promoci\u00f3n de una comunicaci\u00f3n eficaz y multiling\u00fce<\/li>\n<li>Actualizaci\u00f3n del contenido del sitio web. (Vinculado al grupo de trabajo de revisi\u00f3n del sitio web)<\/li>\n<li>Traducci\u00f3n y revisi\u00f3n en espa\u00f1ol.<\/li>\n<\/ul>\n<p>(2) Grupo de trabajo de revisi\u00f3n del sitio web<\/p>\n<ul>\n<li>Revisi\u00f3n y optimizaci\u00f3n continuas de las p\u00e1ginas existentes.<\/li>\n<li>Actualizaci\u00f3n y mantenimiento de la secci\u00f3n de noticias.<\/li>\n<li>Creaci\u00f3n de nuevas p\u00e1ginas y archivo de contenidos.<\/li>\n<li>Apoyo a las traducciones en los tres idiomas oficiales del ICOM.<\/li>\n<\/ul>\n<p>(3) Grupo de trabajo de publicaciones<\/p>\n<ul>\n<li>Amplia experiencia en dise\u00f1o de libros, revistas, cat\u00e1logos de arte y libros de arte.<\/li>\n<li>Dise\u00f1o gr\u00e1fico para publicaciones, incluyendo portadas, supervisi\u00f3n de maquetaci\u00f3n y materiales promocionales.<\/li>\n<li>Revisiones en espa\u00f1ol cuando sea necesario.<\/li>\n<li>Desarrollo de estrategias visuales para reforzar la identidad editorial de ICOFOM.<\/li>\n<\/ul>\n<p><b>Secretario\/a:\u00a0<\/b><\/p>\n<p><img decoding=\"async\" loading=\"lazy\" class=\"wp-image-8273 alignleft\" src=\"https:\/\/icofom.mini.icom.museum\/wp-content\/uploads\/sites\/18\/2025\/10\/liz-669x1024.jpeg\" alt=\"\" width=\"261\" height=\"399\" srcset=\"https:\/\/icofom.mini.icom.museum\/wp-content\/uploads\/sites\/18\/2025\/10\/liz-669x1024.jpeg 669w, https:\/\/icofom.mini.icom.museum\/wp-content\/uploads\/sites\/18\/2025\/10\/liz-196x300.jpeg 196w, https:\/\/icofom.mini.icom.museum\/wp-content\/uploads\/sites\/18\/2025\/10\/liz-768x1176.jpeg 768w, https:\/\/icofom.mini.icom.museum\/wp-content\/uploads\/sites\/18\/2025\/10\/liz-1003x1536.jpeg 1003w, https:\/\/icofom.mini.icom.museum\/wp-content\/uploads\/sites\/18\/2025\/10\/liz.jpeg 1130w\" sizes=\"(max-width: 261px) 100vw, 261px\" \/><\/p>\n<p><b>Elizabeth Weiser (U.S.A.)<\/b><\/p>\n<p>Soy profesora distinguida de Artes y Ciencias en el Departamento de Ingl\u00e9s de la Universidad Estatal de Ohio, en Estados Unidos. Me especializo en ret\u00f3rica y museolog\u00eda. Entre mis diversas monograf\u00edas se incluyen Museum Rhetoric: Building Civic Identity in National Spaces (Ret\u00f3rica muse\u00edstica: la construcci\u00f3n de la identidad c\u00edvica en los espacios nacionales), adem\u00e1s de cuatro antolog\u00edas coeditadas y 37 art\u00edculos y cap\u00edtulos de libros. Mi actual proyecto editorial, Rhetorics of Repair: Museums of Conscience and Civic Healing (Ret\u00f3rica de la reparaci\u00f3n: museos de la conciencia y la sanaci\u00f3n c\u00edvica), se encuentra en fase de revisi\u00f3n en Routledge. Soy miembro de ICOFOM desde 2012 y he sido elegida dos veces para formar parte de la Junta Ejecutiva. Actualmente soy redactora jefe de la serie de estudios de ICOFOM, as\u00ed como editora jefe de todas las publicaciones de ICOFOM. Tambi\u00e9n he sido revisora de unas 20 editoriales y revistas acad\u00e9micas. Tengo un doctorado en ret\u00f3rica y composici\u00f3n, un m\u00e1ster en escritura creativa y un m\u00e1ster en educaci\u00f3n internacional.<\/p>\n<p>Durante el periodo 2025-28 espero desempe\u00f1ar el cargo de secretaria de ICOFOM. Mi especialidad es la comunicaci\u00f3n, una habilidad especialmente \u00fatil para la persona que debe levantar acta. Tambi\u00e9n tengo experiencia previa en juntas directivas en el mantenimiento de listas de miembros y la comunicaci\u00f3n con ellos, y puedo comunicarme en ingl\u00e9s, franc\u00e9s y espa\u00f1ol, los tres idiomas oficiales del ICOM.<\/p>\n<p>Aparte de las funciones espec\u00edficas, considero que el cargo de secretaria me permite permanecer en la Junta Directiva durante un mandato m\u00e1s. Quiero seguir trabajando para ampliar nuestro alcance y nuestra sensibilidad hacia el Sur Global. Durante toda mi carrera he ense\u00f1ado en un campus donde la mayor\u00eda de los estudiantes son afrodescendientes o mulatos, de bajos recursos y\/o los primeros de su familia en ir a la universidad; antes de dedicarme a la academia, pas\u00e9 una d\u00e9cada como defensora de las comunicaciones para una organizaci\u00f3n educativa dirigida por latinos. Dada mi trayectoria, soy especialmente consciente de la necesidad de escuchar una mayor diversidad de voces que las que tradicionalmente reconoce el mundo museol\u00f3gico.<\/p>\n<p>Esa perspectiva tambi\u00e9n influye en la elecci\u00f3n del grupo de trabajo: quiero seguir como editora jefe de la serie de estudios del ICOFOM. Durante mi actual mandato de tres a\u00f1os, hemos establecido protocolos para la presentaci\u00f3n, revisi\u00f3n y edici\u00f3n; hemos ampliado y sistematizado nuestra lista de revisores; hemos coordinado el trabajo con personal de varios pa\u00edses; hemos actualizado tanto el formato PDF como la apariencia en l\u00ednea de la revista; y hemos logrado la indexaci\u00f3n en Scopus, lo que ha ampliado enormemente nuestro alcance. Tambi\u00e9n seguimos produciendo los Materiales para el debate y hemos colaborado en la publicaci\u00f3n de varias monograf\u00edas. Sin embargo, lo que m\u00e1s me enorgullece es la forma en que los acad\u00e9micos emergentes de todo el mundo pueden publicar mejor gracias a que he trabajado intensamente con ellos a trav\u00e9s de m\u00faltiples borradores. Publicar la revista requiere mucho trabajo. No puedo imaginar c\u00f3mo podr\u00edamos funcionar si yo no estuviera en la Junta Directiva y no pudiera aportar mis ideas y estar al tanto de las conversaciones en curso sobre este aspecto fundamental del trabajo de ICOFOM.<\/p>\n<p><b>Tesorero:<\/b><\/p>\n<h3><b>Jamie Allan Brown (Scotland)<\/b><\/h3>\n<p><img decoding=\"async\" loading=\"lazy\" class=\"wp-image-8264 alignleft\" src=\"https:\/\/icofom.mini.icom.museum\/wp-content\/uploads\/sites\/18\/2025\/10\/Jamie_bio_2025-768x1024.jpg\" alt=\"\" width=\"236\" height=\"315\" srcset=\"https:\/\/icofom.mini.icom.museum\/wp-content\/uploads\/sites\/18\/2025\/10\/Jamie_bio_2025-768x1024.jpg 768w, https:\/\/icofom.mini.icom.museum\/wp-content\/uploads\/sites\/18\/2025\/10\/Jamie_bio_2025-225x300.jpg 225w, https:\/\/icofom.mini.icom.museum\/wp-content\/uploads\/sites\/18\/2025\/10\/Jamie_bio_2025-1152x1536.jpg 1152w, https:\/\/icofom.mini.icom.museum\/wp-content\/uploads\/sites\/18\/2025\/10\/Jamie_bio_2025-1536x2048.jpg 1536w, https:\/\/icofom.mini.icom.museum\/wp-content\/uploads\/sites\/18\/2025\/10\/Jamie_bio_2025-scaled.jpg 1920w\" sizes=\"(max-width: 236px) 100vw, 236px\" \/><\/p>\n<p><b>Breve biograf\u00eda<\/b><\/p>\n<p>Jamie Allan Brown es investigador en la Escuela de Historia del Arte de la Universidad de St Andrews, Escocia. Actualmente se desempe\u00f1a como tesorero de ICOFOM, co-presidente del Grupo de Trabajo sobre Conferencias y responsable de membres\u00eda. Su investigaci\u00f3n y pr\u00e1ctica se centran en los museos, el patrimonio comunitario y el desarrollo sostenible, con \u00e9nfasis en la participaci\u00f3n juvenil en museolog\u00eda y acci\u00f3n clim\u00e1tica.<\/p>\n<p>Posee amplia experiencia en la coordinaci\u00f3n de proyectos internacionales en Europa, Am\u00e9rica Latina y el Caribe, Medio Oriente y \u00c1frica del Norte, Asia y Ocean\u00eda, apoyando iniciativas patrimoniales y colaboraciones con socios institucionales y comunitarios. Entre sus proyectos se incluyen <i>EU-LAC Museums<\/i> y <i>Shared Island Stories<\/i>, este \u00faltimo preseleccionado para el Premio ICOM de Sostenibilidad.<\/p>\n<p><b>Declaraci\u00f3n de intenci\u00f3n<\/b><\/p>\n<p>Deseo presentarme nuevamente como miembro y tesorero del Comit\u00e9 de ICOFOM para el mandato 2025\u20132028. En el per\u00edodo anterior, aport\u00e9 liderazgo estrat\u00e9gico a la gesti\u00f3n financiera de ICOFOM, garantizando responsabilidad, transparencia y uso sostenible de los recursos. Fortalec\u00ed la colaboraci\u00f3n con la Secretar\u00eda de ICOM y comit\u00e9s asociados, posicionando a ICOFOM como modelo de buenas pr\u00e1cticas.<\/p>\n<p>Como co-presidente del Grupo de Trabajo sobre Conferencias, coordin\u00e9 la 47\u00aa Reuni\u00f3n Anual en St Andrews (Escocia), el Simposio en Doha (Qatar) y actualmente preparo el 48\u00ba Simposio en Dub\u00e1i (EAU, 2025). Tambi\u00e9n asegur\u00e9 tres a\u00f1os consecutivos de financiamiento SAREC, permitiendo realizar una serie de talleres juveniles globales en 18 pa\u00edses.<\/p>\n<p>Para el pr\u00f3ximo mandato, propongo mantener una gesti\u00f3n financiera rigurosa y transparente, ampliar las becas para j\u00f3venes investigadores, fortalecer colaboraciones para llevar los simposios a nuevas regiones (\u00c1frica, Medio Oriente, Am\u00e9rica Latina y Asia-Pac\u00edfico) y ampliar alianzas internacionales.<\/p>\n<p>Estoy comprometido a garantizar que ICOFOM siga siendo una organizaci\u00f3n financieramente s\u00f3lida, globalmente influyente y un foro l\u00edder donde diversas voces configuren la teor\u00eda y la pr\u00e1ctica museol\u00f3gica del futuro.<\/p>\n<p>&nbsp;<\/p>\n<h3><b>Miembros Ordinarios:<\/b><\/h3>\n<p><b>Kolawol\u00e9 Daniel E. ABIDJO<\/b><\/p>\n<p><img decoding=\"async\" loading=\"lazy\" class=\"wp-image-8267 alignleft\" src=\"https:\/\/icofom.mini.icom.museum\/wp-content\/uploads\/sites\/18\/2025\/10\/Kolawole-1024x683.jpg\" alt=\"\" width=\"294\" height=\"196\" srcset=\"https:\/\/icofom.mini.icom.museum\/wp-content\/uploads\/sites\/18\/2025\/10\/Kolawole-1024x683.jpg 1024w, https:\/\/icofom.mini.icom.museum\/wp-content\/uploads\/sites\/18\/2025\/10\/Kolawole-300x200.jpg 300w, https:\/\/icofom.mini.icom.museum\/wp-content\/uploads\/sites\/18\/2025\/10\/Kolawole-768x512.jpg 768w, https:\/\/icofom.mini.icom.museum\/wp-content\/uploads\/sites\/18\/2025\/10\/Kolawole-1536x1024.jpg 1536w, https:\/\/icofom.mini.icom.museum\/wp-content\/uploads\/sites\/18\/2025\/10\/Kolawole-2048x1365.jpg 2048w\" sizes=\"(max-width: 294px) 100vw, 294px\" \/><\/p>\n<p><b>Grupo de Trabajo: Conferencias<\/b><\/p>\n<p><b>Biograf\u00eda:<\/b><\/p>\n<p>Soy conservador y me gradu\u00e9 en el Institut National du Patrimoine (Par\u00eds). Me especialic\u00e9 en museos. Tengo dos m\u00e1steres en estudios sobre el patrimonio. He tenido la oportunidad de colaborar con varias instituciones muse\u00edsticas de renombre en Francia, como el Mus\u00e9e du quai Branly \u2013 Jacques Chirac, el Mus\u00e9e national d\u2019Art moderne \u2013 Centre Pompidou y el Mus\u00e9e des Confluences, donde adquir\u00ed experiencia real y pr\u00e1ctica en la investigaci\u00f3n de colecciones, los estudios de procedencia y la participaci\u00f3n en proyectos expositivos. Tambi\u00e9n he trabajado para Expertise France (AFD) en proyectos muse\u00edsticos en \u00c1frica, lo que me ha permitido ampliar mis conocimientos sobre pol\u00edticas patrimoniales y cooperaci\u00f3n cultural internacional.<br \/>\nParalelamente, he contribuido a la producci\u00f3n de cat\u00e1logos de exposiciones como <i>Mission Dakar-Djibouti, contre-enqu\u00eates<\/i> (Mus\u00e9e du quai Branly \u2013 Jacques Chirac) y he sido comisario de varias exposiciones. Mi compromiso cient\u00edfico tambi\u00e9n se ha plasmado en la organizaci\u00f3n y moderaci\u00f3n de conferencias y seminarios sobre temas centrados en los debates actuales en museolog\u00eda. Mi investigaci\u00f3n y mi pr\u00e1ctica profesional se centran en cuestiones relacionadas con lo sagrado en los museos, la procedencia y la restituci\u00f3n, con especial atenci\u00f3n a las din\u00e1micas intraafricanas. A partir de estas experiencias, actualmente estoy realizando una tesis doctoral para profundizar mi especializaci\u00f3n en el campo del patrimonio y los museos.<\/p>\n<p>Adem\u00e1s, considero que \u00c1frica debe tener voz en los debates museol\u00f3gicos mundiales. Mi pa\u00eds, Ben\u00edn, vive actualmente un impulso muse\u00edstico sin precedentes, con la construcci\u00f3n de varios museos destinados a convertirse en centros de investigaci\u00f3n y reflexi\u00f3n sobre el patrimonio y la museolog\u00eda. Espero poder contribuir a este impulso dentro de ICOFOM, reforzando la representaci\u00f3n del continente africano y abriendo nuevas v\u00edas de reflexi\u00f3n basadas en nuestras experiencias locales.<\/p>\n<p>Mi objetivo es participar activamente en la organizaci\u00f3n de conferencias que no sean solo momentos de difusi\u00f3n cient\u00edfica, sino tambi\u00e9n verdaderos espacios de di\u00e1logo intercultural, coconstrucci\u00f3n e innovaci\u00f3n museol\u00f3gica. Me comprometo a contribuir con rigor, creatividad y apertura a las actividades de ICOFOM y al enriquecimiento colectivo de sus debates.<br \/>\n<b><\/b><\/p>\n<p><strong>Carta de intenci\u00f3n:<\/strong><\/p>\n<p>Solicito formar parte de la Junta Directiva de ICOFOM como miembro ordinario para el mandato 2025-2028. Mi ambici\u00f3n es contribuir a que ICOFOM sea un espacio cada vez m\u00e1s inclusivo, en el que se puedan expresar y valorar perspectivas de diversos or\u00edgenes culturales y profesionales.<\/p>\n<p>Me interesa especialmente el Grupo de Trabajo sobre Conferencias. Ya he participado en la organizaci\u00f3n y facilitaci\u00f3n de reuniones acad\u00e9micas y profesionales sobre temas como la restituci\u00f3n, la investigaci\u00f3n de la procedencia y lo sagrado en los museos.<\/p>\n<p>Deseo aprovechar esta experiencia en el ICOFOM, al tiempo que desarrollo nuevas habilidades en el dise\u00f1o y la gesti\u00f3n de eventos internacionales, la coordinaci\u00f3n intercultural y la creaci\u00f3n de redes profesionales.<\/p>\n<p>Adem\u00e1s, creo que \u00c1frica debe tener voz en los debates museol\u00f3gicos mundiales. Mi pa\u00eds, Ben\u00edn, est\u00e1 experimentando actualmente un impulso muse\u00edstico sin precedentes, con la construcci\u00f3n de varios museos destinados a convertirse en centros de investigaci\u00f3n y reflexi\u00f3n sobre el patrimonio y la museolog\u00eda. Espero contribuir a este impulso dentro del ICOFOM, reforzando la representaci\u00f3n del continente africano y abriendo nuevas v\u00edas de reflexi\u00f3n basadas en nuestras experiencias locales.<\/p>\n<p>Mi objetivo es participar activamente en la organizaci\u00f3n de conferencias que no solo sean momentos de difusi\u00f3n cient\u00edfica, sino tambi\u00e9n espacios reales para el di\u00e1logo intercultural, la co-construcci\u00f3n y la innovaci\u00f3n museol\u00f3gica. Me comprometo a contribuir con rigor, creatividad y apertura a las actividades del ICOFOM y al enriquecimiento colectivo de sus debates.<\/p>\n<h4><b>Lisa Baillargeon (CAN)<\/b><\/h4>\n<p><img decoding=\"async\" loading=\"lazy\" class=\"wp-image-8270 alignleft\" src=\"https:\/\/icofom.mini.icom.museum\/wp-content\/uploads\/sites\/18\/2025\/10\/Lisa-Baillargeon.png\" alt=\"\" width=\"343\" height=\"318\" srcset=\"https:\/\/icofom.mini.icom.museum\/wp-content\/uploads\/sites\/18\/2025\/10\/Lisa-Baillargeon.png 548w, https:\/\/icofom.mini.icom.museum\/wp-content\/uploads\/sites\/18\/2025\/10\/Lisa-Baillargeon-300x278.png 300w\" sizes=\"(max-width: 343px) 100vw, 343px\" \/><\/p>\n<p><b>Biograf\u00eda\u00a0<\/b><\/p>\n<p>La Dra. Lisa Baillargeon es contadora profesional colegiada (CPA), directora de juntas (ICD.D\/IAS.A) y profesora titular de Contabilidad y Gobernanza en la Escuela de Gesti\u00f3n de la Universidad de Quebec en Montreal (ESG-UQAM), donde actualmente es jefa de departamento. Posee un doctorado en Historia Econ\u00f3mica (UQAM), una maestr\u00eda en Historia del Arte y un MBA por la Schulich School of Business de la Universidad de York (Toronto).<\/p>\n<p>Su experiencia multidisciplinaria abarca historia empresarial y econ\u00f3mica, gobernanza, \u00e9tica, gesti\u00f3n del desempe\u00f1o y regulaci\u00f3n de divulgaci\u00f3n. Es co-directora de la C\u00e1tedra de Investigaci\u00f3n sobre Gobernanza de Museos y Derecho Cultural, que vincula la investigaci\u00f3n acad\u00e9mica con los desaf\u00edos pr\u00e1cticos de gesti\u00f3n cultural y patrimonial.<\/p>\n<p>Cuenta con amplia experiencia en gobernanza en sectores p\u00fablicos, privados y culturales, incluyendo cargos en el Comit\u00e9 de Auditor\u00eda de la Ciudad de Montreal, el Grupo Desjardins y el Museo de Arte Contempor\u00e1neo de Montreal.<\/p>\n<p><b>Carta al Comit\u00e9 Electoral (30 de agosto de 2025)<\/b><\/p>\n<p>Me postulo como miembro regular del Consejo Internacional de Museos (ICOM) para compartir mi experiencia y fortalecer la diversidad global del comit\u00e9. Mi trabajo acad\u00e9mico y profesional se ha centrado en \u00e9tica, gobernanza y rendici\u00f3n de cuentas, especialmente en museos e instituciones culturales.<\/p>\n<p>Como co-directora de la C\u00e1tedra de Museos, Gobernanza y Derecho Cultural, lidero proyectos interdisciplinarios sobre modelos de gesti\u00f3n, normas \u00e9ticas e integraci\u00f3n ESG. Estas experiencias se alinean con la misi\u00f3n de ICOM de fortalecer las buenas pr\u00e1cticas y los est\u00e1ndares \u00e9ticos en todo el mundo.<\/p>\n<p>Mi servicio en distintos consejos y mi experiencia en auditor\u00eda, \u00e9tica y gesti\u00f3n financiera me permiten aportar una perspectiva que combina investigaci\u00f3n y pr\u00e1ctica. Estoy motivada para fortalecer el liderazgo de ICOFOM en gobernanza y \u00e9tica, y fomentar el di\u00e1logo intercultural.<\/p>\n<p><b>Claire Brizon (Suiza)<\/b><\/p>\n<p><img decoding=\"async\" loading=\"lazy\" class=\"wp-image-8252 alignleft\" src=\"https:\/\/icofom.mini.icom.museum\/wp-content\/uploads\/sites\/18\/2025\/10\/CLAIRE_05_BRIZON-1024x1024.jpg\" alt=\"\" width=\"291\" height=\"291\" srcset=\"https:\/\/icofom.mini.icom.museum\/wp-content\/uploads\/sites\/18\/2025\/10\/CLAIRE_05_BRIZON-1024x1024.jpg 1024w, https:\/\/icofom.mini.icom.museum\/wp-content\/uploads\/sites\/18\/2025\/10\/CLAIRE_05_BRIZON-300x300.jpg 300w, https:\/\/icofom.mini.icom.museum\/wp-content\/uploads\/sites\/18\/2025\/10\/CLAIRE_05_BRIZON-150x150.jpg 150w, https:\/\/icofom.mini.icom.museum\/wp-content\/uploads\/sites\/18\/2025\/10\/CLAIRE_05_BRIZON-768x768.jpg 768w, https:\/\/icofom.mini.icom.museum\/wp-content\/uploads\/sites\/18\/2025\/10\/CLAIRE_05_BRIZON-1536x1536.jpg 1536w, https:\/\/icofom.mini.icom.museum\/wp-content\/uploads\/sites\/18\/2025\/10\/CLAIRE_05_BRIZON-2048x2048.jpg 2048w\" sizes=\"(max-width: 291px) 100vw, 291px\" \/><\/p>\n<h4><b>Biograf\u00eda<\/b><\/h4>\n<p>Desde 2016, estoy a cargo de la colecci\u00f3n de etnograf\u00eda del Museo Cantonal de Arqueolog\u00eda e Historia de Lausana (Suiza). Entre 2005 y 2016, form\u00e9 parte del equipo de dise\u00f1o del Museo de las Confluencias en Lyon (Francia), donde me ocup\u00e9 de las colecciones oce\u00e1nicas. Soy titular de dos maestr\u00edas \u2014una en arqueolog\u00eda (2003, Universidad Lyon II) y otra en museolog\u00eda (2005, Universidad Lyon III)\u2014, as\u00ed como de un doctorado en historia del arte (2021, Universidad de Berna), que dio lugar a la publicaci\u00f3n del libro <i>Collections coloniales. \u00c0 l\u2019origine des fonds anciens non europ\u00e9ens dans les mus\u00e9es suisses<\/i> (Seismo, 2023).<\/p>\n<p>Mis intereses se centran en la historia de las instituciones y sus colecciones de etnograf\u00eda, en la investigaci\u00f3n de procedencia, as\u00ed como en la documentaci\u00f3n y actualizaci\u00f3n de las colecciones mediante un proceso participativo, respetando principios internacionales (por ejemplo: la <i>Declaraci\u00f3n de las Naciones Unidas sobre los Derechos de los Pueblos Ind\u00edgenas<\/i>, 2007; la <i>Carta de Porto-Novo, X\u1ecdgbonu, \u00c1j\u00e1sh\u00e9<\/i>, 2022).<\/p>\n<h4><b>Texto<\/b><\/h4>\n<p>A trav\u00e9s de mis experiencias profesionales, he adquirido un s\u00f3lido conocimiento del \u00e1mbito muse\u00edstico y de sus retos, en particular durante mi participaci\u00f3n en el equipo de dise\u00f1o del Museo de las Confluencias. Paralelamente, mi experiencia docente en la universidad \u2014especialmente como codirectora del <i>Certificado de Estudios Avanzados en Investigaci\u00f3n de Procedencia<\/i> en la Universidad de Neuch\u00e2tel (Suiza)\u2014 me ha permitido desarrollar una reflexi\u00f3n cr\u00edtica sobre mi pr\u00e1ctica profesional.<\/p>\n<p>Tambi\u00e9n poseo una amplia experiencia en el \u00e1mbito asociativo y en el voluntariado. Desde 2020, soy vicepresidenta de la Asociaci\u00f3n Suiza de Investigaci\u00f3n de Procedencia, cargo que concluir\u00e1 a comienzos de 2026. A trav\u00e9s de todas estas funciones, he adquirido el h\u00e1bito de trabajar con personas de diversos entornos: muse\u00edstico, universitario, art\u00edstico, asociativo, ind\u00edgena, entre otros.<\/p>\n<p>En este contexto, presento mi candidatura a la elecci\u00f3n de los miembros del Comit\u00e9 Ejecutivo de ICOFOM como miembro ordinario sin cargo espec\u00edfico. Aportar\u00e9 mi apoyo gracias a mi experiencia profesional, especialmente en la pr\u00e1ctica de la museolog\u00eda participativa \u2014como en la reciente exposici\u00f3n <i>Autobiographie d\u2019une selle M\u00e9tis<\/i>, cocuradur\u00eda con la Prof. Sherry Farrell-Racette y la Dra. Laura Peers, Museo Cantonal de Arqueolog\u00eda e Historia, 11.10.2024\u201313.04.2025\u2014, as\u00ed como en la investigaci\u00f3n de procedencia y en los retos de la colaboraci\u00f3n entre universidades y museos.<\/p>\n<p>El Comit\u00e9 tambi\u00e9n podr\u00e1 beneficiarse de la red que he construido a lo largo de 20 a\u00f1os de experiencia en los \u00e1mbitos muse\u00edstico, universitario y asociativo. Desde un punto de vista pr\u00e1ctico, aportar\u00e9 mi experiencia en el dise\u00f1o y coordinaci\u00f3n de proyectos expositivos, de edici\u00f3n y de valorizaci\u00f3n, tanto a nivel europeo como internacional \u2014como la reciente publicaci\u00f3n <i>Collections nord-am\u00e9ricaines. Regards crois\u00e9s. Perspectives on North American Collections<\/i> (DGC, 2024).<\/p>\n<p>Por \u00faltimo, tengo un dominio perfecto del franc\u00e9s (mi lengua materna), y tambi\u00e9n comprendo y hablo ingl\u00e9s.<\/p>\n<p>Estoy particularmente interesada en el grupo de trabajo dedicado a las conferencias.<\/p>\n<h4><b>Juan Carlos Fern\u00e1ndez-Catal\u00e1n (EC)<\/b><\/h4>\n<p><img decoding=\"async\" loading=\"lazy\" class=\"size-medium wp-image-8249 alignleft\" src=\"https:\/\/icofom.mini.icom.museum\/wp-content\/uploads\/sites\/18\/2025\/10\/2-version-Juan-Carlos-200x300.jpg\" alt=\"\" width=\"200\" height=\"300\" srcset=\"https:\/\/icofom.mini.icom.museum\/wp-content\/uploads\/sites\/18\/2025\/10\/2-version-Juan-Carlos-200x300.jpg 200w, https:\/\/icofom.mini.icom.museum\/wp-content\/uploads\/sites\/18\/2025\/10\/2-version-Juan-Carlos-682x1024.jpg 682w, https:\/\/icofom.mini.icom.museum\/wp-content\/uploads\/sites\/18\/2025\/10\/2-version-Juan-Carlos.jpg 767w\" sizes=\"(max-width: 200px) 100vw, 200px\" \/><\/p>\n<p><b>Biograf\u00eda<\/b><\/p>\n<p>Muse\u00f3logo, Gestor Cultural, Doctorando (PhD) en Est\u00e9tica, Valores y Cultura por la Universidad del Pa\u00eds Vasco, Espa\u00f1a. Diplomado en Est\u00e9tica y Representaci\u00f3n Art\u00edstica en la Cultura Occidental. Doctorando (PhD) en Historia del Arte y Patrimonio Hist\u00f3rico-Art\u00edstico por la Universidad de Extremadura, Espa\u00f1a. Capacitador Internacional en Documentaci\u00f3n de Colecciones de Museos por el CIDOC.<\/p>\n<p>Master en Pedagog\u00eda Profesional, del Instituto Superior Pedag\u00f3gico, La Habana, Cuba.<\/p>\n<p>Licenciado en Restauraci\u00f3n de Bienes Culturales y Museolog\u00eda por la Universidad Tecnol\u00f3gica Equinoccial, Quito, Ecuador.<\/p>\n<p>Es el actual Secretario del Comit\u00e9 Ecuatoriano del Consejo Internacional de Museos ICOM Ecuador, (2024-2027), Miembro Individual del ICOM desde 1988. Miembro del Board del Comit\u00e9 Internacional de Museolog\u00eda para Latinoam\u00e9rica y el Caribe ICOFOM LAC (2023-2026) y Docente invitado de la Universidad Polit\u00e9cnica Salesiana, es Asesor Internacional (para Ecuador) de Proyectos de Conservaci\u00f3n de Bienes Culturales para la Fundaci\u00f3n Pr\u00edncipe Claus de los Pa\u00edses Bajos y se desempe\u00f1a como Asesor T\u00e9cnico Museol\u00f3gico del Museo de Arte Naif Latinoamericano MANLA.<\/p>\n<p>Profesionalmente se desempe\u00f1\u00f3 en la Universidad Tecnol\u00f3gica Equinoccial como Director Coordinador Acad\u00e9mico de la Carrera de Restauraci\u00f3n y Museolog\u00eda y como Catedr\u00e1tico Titular Principal de Museolog\u00eda y Arte y Coordinador de cultura y patrimonio.<\/p>\n<p>Ha sido funcionario de los Museos de la Casa de la Cultura Ecuatoriana y Director del Museo Nacional de Arte Colonial.<\/p>\n<p>Tiene varias publicaciones a nivel nacional e internacional.<\/p>\n<p>Ha realizado giras de estudio y observaci\u00f3n a los principales y m\u00e1s famosos Museos y Centros Culturales del mundo localizados en Europa, Asia, \u00c1frica, Am\u00e9rica, Medio Oriente, Islas del Pacifico y Ocean\u00eda.<\/p>\n<p>Su participaci\u00f3n activa como organizador de actividades muse\u00edsticas, (OPC) lo han llevado a coordinar importantes eventos, siendo los m\u00e1s recientes:<\/p>\n<ul>\n<li>Encuentro Internacional Museos por la educaci\u00f3n y la investigaci\u00f3n<\/li>\n<li>\u201cEstrategias de Cooperaci\u00f3n Internacional para museos e instituciones culturales\u201d<\/li>\n<li>Curso Taller de Formaci\u00f3n Profesional para Latinoam\u00e9rica y el Caribe, tema: \u201cSostenibilidad e inclusi\u00f3n social en los museos\u201d<\/li>\n<\/ul>\n<p>Desempe\u00f1a un papel esencial en la interrelaci\u00f3n en Museos a nivel nacional e internacional, que lo ha llevado a trabajar en los siguientes Museos:<\/p>\n<p>Museo Antropol\u00f3gico y de Arte Contempor\u00e1neo MAAC, Complejo Patrimonial Todos Santos, Convento de San Agust\u00edn, Museo Colonial de Bogot\u00e1, Museo Inti \u00d1an, Museo Diocesano de Nuestra Se\u00f1ora de la Natividad, Museo Ecuatoriano de Ciencias Naturales, Museo Nacional de Arte Religioso del Santuario de Nuestra Se\u00f1ora de El Quinche, Centro de Arte UTE, Museo Hist\u00f3rico de la ciudad de Riobamba, Museo Biblioteca Ecuatoriana Aurelio Espinosa Polit, Iglesia Museo de la Compa\u00f1\u00eda de Jes\u00fas, Museo Nacional de Arte Colonial, Museo de Instrumentos Musicales Pedro Pablo Traversari, Museo de Arte Moderno, Colecci\u00f3n Etnogr\u00e1fica CCE.<\/p>\n<p>B.<\/p>\n<p>Estimados colegas de ICOFOM, estoy postulando a Miembro Ordinario de ICOFOM y me gustar\u00eda colaborar con el Grupo de trabajo sobre Conferencias.<\/p>\n<p>Como est\u00e1 reflejado en mi CV, estoy siempre vinculado y en contacto con otros profesionales del \u00e1rea de museos a nivel nacional e internacional, por el intercambio de experiencias que se ver\u00e1n reflejadas en la nueva carrera de Museolog\u00eda y Gesti\u00f3n Cultural, que estamos implementando en el\u00a0 Instituto Tecnol\u00f3gico Universitario Esp\u00edritu Santo en la ciudad de Guayaquil, Ecuador ciudad en la que nunca hubo una carrera de especializaci\u00f3n en materia de museos; y tambi\u00e9n por supuesto en mi lugar de trabajo actual como Asesor T\u00e9cnico Museol\u00f3gico en el Museo de Arte Naif Latinoamericano en la ciudad de Quito, Ecuador, en el que desarrollaremos cursos y seminarios para toda la comunidad.<\/p>\n<p>Adem\u00e1s, soy el Coordinador y organizador de varios eventos museol\u00f3gicos a nivel nacional e internacional, y como OPC colaborar\u00eda en la planificaci\u00f3n estrat\u00e9gica de simposios, congresos y eventos del ICOFOM y en hacer alianzas con instituciones p\u00fablicas y privadas para el \u00e9xito de los eventos.<\/p>\n<p>Seg\u00fan el tema de cada a\u00f1o del ICOM, siempre estamos innovando las actividades y diversificando los temas aprendidos y darlos a conocer a miembros ICOM y no miembros, con el fin de actualizar los conocimientos de toda la comunidad muse\u00edstica, tanto en los eventos por el D\u00eda Internacional de los Museos y a trav\u00e9s de Congresos, Seminarios, Talleres y la Feria de Museos que lo realizamos cada a\u00f1o como ICOM Ecuador en las tres principales ciudades del Ecuador Quito, Guayaquil y Cuenca, este a\u00f1o tendr\u00e1 un especial impacto por los conferencistas que contactaremos en la Conferencia General ICOM Dubai 2025 y ser\u00e1n nuestros principales invitados.<\/p>\n<p>&nbsp;<\/p>\n<h4><b>Olivia GUIRAGOSSIAN (FR)<\/b><\/h4>\n<p><b><img decoding=\"async\" loading=\"lazy\" class=\"alignleft size-medium wp-image-8261\" src=\"https:\/\/icofom.mini.icom.museum\/wp-content\/uploads\/sites\/18\/2025\/10\/IMG_20210204_224614-300x290.jpg\" alt=\"\" width=\"300\" height=\"290\" srcset=\"https:\/\/icofom.mini.icom.museum\/wp-content\/uploads\/sites\/18\/2025\/10\/IMG_20210204_224614-300x290.jpg 300w, https:\/\/icofom.mini.icom.museum\/wp-content\/uploads\/sites\/18\/2025\/10\/IMG_20210204_224614-1024x989.jpg 1024w, https:\/\/icofom.mini.icom.museum\/wp-content\/uploads\/sites\/18\/2025\/10\/IMG_20210204_224614-768x742.jpg 768w, https:\/\/icofom.mini.icom.museum\/wp-content\/uploads\/sites\/18\/2025\/10\/IMG_20210204_224614-1536x1484.jpg 1536w, https:\/\/icofom.mini.icom.museum\/wp-content\/uploads\/sites\/18\/2025\/10\/IMG_20210204_224614-2048x1979.jpg 2048w\" sizes=\"(max-width: 300px) 100vw, 300px\" \/>Biograf\u00eda<\/b><\/p>\n<p>Doctora en Museolog\u00eda y actualmente profesora adjunta e investigadora en la Universidad de Avi\u00f1\u00f3n en Ciencias de la Informaci\u00f3n y la Comunicaci\u00f3n, mi investigaci\u00f3n se centra principalmente en los contornos y la esencia del concepto de museo, la percepci\u00f3n del fen\u00f3meno muse\u00edstico en su conjunto y las din\u00e1micas que lo afectan a escala mundial.<\/p>\n<p>Adem\u00e1s de mis actividades docentes, he tenido la oportunidad de llevar a cabo varios proyectos de investigaci\u00f3n con organizaciones francesas y europeas, as\u00ed como dentro del ICOM, en particular en relaci\u00f3n con las consultas sobre la definici\u00f3n de museo adoptada en 2022 en Praga y sobre la descolonizaci\u00f3n en los museos.<\/p>\n<p>Como miembro activo del ICOFOM desde 2017, he ayudado a organizar varios simposios y conferencias (\u00abDefinir el museo del siglo XXI\u00bb (Par\u00eds, 2017), \u00abLugares de reflexi\u00f3n\u00bb (Par\u00eds, 2018), \u00abEl futuro de la tradici\u00f3n en museolog\u00eda\u00bb (Kioto, 2019)). Mi deseo de contribuir al dinamismo de la museolog\u00eda tambi\u00e9n est\u00e1 marcado por mi inter\u00e9s en los avances dentro del propio ICOM. Recientemente, tambi\u00e9n he podido contribuir a la organizaci\u00f3n de la Conferencia Internacional sobre Almacenamiento en Museos (Par\u00eds, 2024), acto fundacional de la reciente creaci\u00f3n del Comit\u00e9 Internacional de Almacenamiento del ICOM.<\/p>\n<p>Soy consciente de la magnitud de los retos a los que se enfrentan hoy en d\u00eda la museolog\u00eda y el ICOFOM. La relaci\u00f3n creada con los miembros de este comit\u00e9, la emulaci\u00f3n intelectual que generan y el dinamismo que muestran me han resultado muy beneficiosos tanto a nivel personal como profesional. Me gustar\u00eda implicarme m\u00e1s en las actividades que se desarrollar\u00e1n en los pr\u00f3ximos a\u00f1os y espero poder aportar una perspectiva complementaria para desarrollar las reflexiones del ICOFOM sobre el futuro.<\/p>\n<p>Idiomas: franc\u00e9s, ingl\u00e9s y espa\u00f1ol.<\/p>\n<p>Como miembro de la Junta Directiva del ICOFOM, si se presenta la oportunidad, me gustar\u00eda unirme al Grupo de Trabajo sobre Conferencias, poniendo en pr\u00e1ctica mis habilidades organizativas y cient\u00edficas. Ser\u00e9 una fuerza impulsora en la organizaci\u00f3n de eventos cient\u00edficos, en particular en la preparaci\u00f3n de reuniones anuales, la organizaci\u00f3n de simposios internacionales y la creaci\u00f3n de talleres para promover el trabajo del ICOFOM y enriquecer el pensamiento museol\u00f3gico. Tambi\u00e9n me gustar\u00eda destacar el trabajo del ICOFOM en futuros proyectos que se desarrollar\u00e1n dentro del ICOM y promover los intercambios entre los comit\u00e9s del ICOM.<\/p>\n<p>Se trata de habilidades probadas que espero que sean \u00fatiles para futuros proyectos. Por \u00faltimo, dar\u00e9 todo mi apoyo al desarrollo de cualquier otro proyecto que pueda surgir durante este mandato.<\/p>\n<p>&nbsp;<\/p>\n<h3><b>Nicolas Navarro (BEL)<\/b><\/h3>\n<p><img decoding=\"async\" loading=\"lazy\" class=\"wp-image-8279 alignleft\" src=\"https:\/\/icofom.mini.icom.museum\/wp-content\/uploads\/sites\/18\/2025\/10\/Navarro-724x1024.jpg\" alt=\"\" width=\"258\" height=\"365\" srcset=\"https:\/\/icofom.mini.icom.museum\/wp-content\/uploads\/sites\/18\/2025\/10\/Navarro-724x1024.jpg 724w, https:\/\/icofom.mini.icom.museum\/wp-content\/uploads\/sites\/18\/2025\/10\/Navarro-212x300.jpg 212w, https:\/\/icofom.mini.icom.museum\/wp-content\/uploads\/sites\/18\/2025\/10\/Navarro-768x1087.jpg 768w, https:\/\/icofom.mini.icom.museum\/wp-content\/uploads\/sites\/18\/2025\/10\/Navarro.jpg 848w\" sizes=\"(max-width: 258px) 100vw, 258px\" \/><\/p>\n<p><b>Biograf\u00eda y rol propuesto en ICOFOM<\/b><\/p>\n<p>Nicolas Navarro es profesor de Museolog\u00eda y jefe del Servicio de Museolog\u00eda en la Universidad de Lieja (B\u00e9lgica) desde el 2023. Es editor en jefe de la revista <i>Cahiers de mus\u00e9ologie<\/i> y forma parte del comit\u00e9 editorial de <i>Culture &amp; Mus\u00e9es<\/i>.<\/p>\n<p>Es doctor en Museolog\u00eda, Mediaci\u00f3n y Patrimonio (Universidad de Avi\u00f1\u00f3n, \u00c9cole du Louvre y Universidad de Quebec en Montreal). Su investigaci\u00f3n se centra en la museolog\u00eda cr\u00edtica, en particular en el papel social y pol\u00edtico de los museos en el contexto occidental.<\/p>\n<p>Se postula al Comit\u00e9 de ICOFOM 2025\u20132028 con dos objetivos principales:<\/p>\n<ol>\n<li>Promover la museolog\u00eda mediante la formaci\u00f3n universitaria, internacionalizando la ense\u00f1anza para estudiantes y profesionales.<\/li>\n<li>Apoyar la investigaci\u00f3n en museolog\u00eda a trav\u00e9s de publicaciones, participando activamente en el Grupo de Trabajo sobre Publicaciones.<\/li>\n<\/ol>\n<p>Navarro desea contribuir con su experiencia editorial para fortalecer la producci\u00f3n cient\u00edfica y el acompa\u00f1amiento a autores dentro de ICOFOM.<\/p>\n<h3><b>H\u00e9ctor Valverde Mart\u00ednez (MX)<\/b><\/h3>\n<p><b><img decoding=\"async\" loading=\"lazy\" class=\"wp-image-8258 alignleft\" src=\"https:\/\/icofom.mini.icom.museum\/wp-content\/uploads\/sites\/18\/2025\/10\/Hector-Valverde-Photo.jpeg\" alt=\"\" width=\"207\" height=\"207\" srcset=\"https:\/\/icofom.mini.icom.museum\/wp-content\/uploads\/sites\/18\/2025\/10\/Hector-Valverde-Photo.jpeg 640w, https:\/\/icofom.mini.icom.museum\/wp-content\/uploads\/sites\/18\/2025\/10\/Hector-Valverde-Photo-300x300.jpeg 300w, https:\/\/icofom.mini.icom.museum\/wp-content\/uploads\/sites\/18\/2025\/10\/Hector-Valverde-Photo-150x150.jpeg 150w\" sizes=\"(max-width: 207px) 100vw, 207px\" \/>Breve biograf\u00eda<\/b><\/p>\n<p>H\u00e9ctor Valverde Mart\u00ednez es licenciado en Comunicaci\u00f3n y Gesti\u00f3n Cultural y de las Artes por la Universidad de la Comunicaci\u00f3n, con especializaci\u00f3n en Museograf\u00eda por la Escuela Nacional de Conservaci\u00f3n, Restauraci\u00f3n y Museograf\u00eda \u201cManuel del Castillo Negrete\u201d (ENCRyM). Adem\u00e1s, posee una maestr\u00eda en Comunicaci\u00f3n (con orientaci\u00f3n en Comunicaci\u00f3n y Nuevas Tecnolog\u00edas) por la Universidad Nacional Aut\u00f3noma de M\u00e9xico (UNAM).<\/p>\n<p>Ha trabajado como Jefe de Medios Digitales en el Sistema Nacional de Fomento Musical del Consejo Nacional para la Cultura y las Artes (M\u00e9xico); como Jefe del Centro de Investigaci\u00f3n, Documentaci\u00f3n e Informaci\u00f3n Museol\u00f3gica; y como Jefe de Vinculaci\u00f3n y Promoci\u00f3n Comunitaria en la Coordinaci\u00f3n Nacional de Museos y Exposiciones del Instituto Nacional de Antropolog\u00eda e Historia (INAH). Tambi\u00e9n se ha desempe\u00f1ado como Jefe del Departamento de Operaciones del Museo Tezoz\u00f3moc del Instituto Polit\u00e9cnico Nacional y del Departamento de Operaciones del Pabell\u00f3n de Cultura Comunitaria de la Secretar\u00eda de Cultura del Gobierno Federal.<\/p>\n<p>Desde 2022, es profesor de Museograf\u00eda y Pol\u00edticas Culturales en la Universidad de la Comunicaci\u00f3n. Actualmente se desempe\u00f1a como consultor en Museolog\u00eda, investigaci\u00f3n y reconocimiento de p\u00fablicos, y gesti\u00f3n de proyectos y eventos culturales para el INAH, la Secretar\u00eda de Cultura, grupos art\u00edsticos y organizaciones de la sociedad civil.<\/p>\n<p>Ha participado como ponente en diversos foros acad\u00e9micos sobre gesti\u00f3n del patrimonio cultural, museos, comunicaci\u00f3n, nuevas tecnolog\u00edas, juventud e inclusi\u00f3n en M\u00e9xico, as\u00ed como en Am\u00e9rica, Europa y Asia.<\/p>\n<p><b>Publicaciones destacadas:<\/b><\/p>\n<ul>\n<li>Valverde, H. (2020). <i>Digital devices as interpretation tools in museum settings<\/i>. Critical Hermeneutics, 4(1).<\/li>\n<li>Valverde, H. (2020). <i>When digitization is not enough. A perspective from the museum field in the digital age<\/i>. Journal of Multicultural Discourses, 16:1, 42\u201352.<\/li>\n<li>D\u00edaz, Noxpango, Sabido &amp; Valverde. (2019). <i>Proyecto Emergente Morelos \u2013 Un espacio comunitario tras los sismos de 2017<\/i>. Estudios sobre Conservaci\u00f3n, Restauraci\u00f3n y Museolog\u00eda, vol. 6, 41\u201362.<\/li>\n<li>Sabido, A. &amp; Valverde, H. (2019). <i>Un archivo como medio para transformar las pr\u00e1cticas museol\u00f3gicas<\/i>. En Rodr\u00edguez &amp; Fern\u00e1ndez (eds.), <i>Conectando los saberes de bibliotecas, archivos y museos (BAM)<\/i>. UNAM.<\/li>\n<li>\u00c1vila, Manjarrez, Sabido &amp; Valverde. (2018). <i>Towards a poetic of the needs. Beyond operator\u2019s role.<\/i> ICOFOM Study Series, vol. 46, 308\u2013312.<\/li>\n<\/ul>\n<p><b>Declaraci\u00f3n de inter\u00e9s para el Comit\u00e9 de ICOFOM (2025\u20132028)<\/b><\/p>\n<p>Como muse\u00f3logo y gestor cultural con m\u00e1s de una d\u00e9cada de experiencia en la intersecci\u00f3n entre museos, tecnolog\u00edas digitales y participaci\u00f3n comunitaria, me honra postularme como miembro ordinario del Comit\u00e9 de ICOFOM para el per\u00edodo 2025\u20132028, con un enfoque en el Grupo de Trabajo sobre Conferencias.<\/p>\n<p>Mi trayectoria acad\u00e9mica \u2014maestr\u00eda en Comunicaci\u00f3n (UNAM) con enfoque en nuevas tecnolog\u00edas y especializaci\u00f3n en museograf\u00eda (ENCRyM)\u2014, as\u00ed como mi experiencia como profesor de Museograf\u00eda y Pol\u00edticas Culturales, y mis a\u00f1os de trabajo en el INAH y la Secretar\u00eda de Cultura, han estado guiados por el compromiso de repensar las pr\u00e1cticas museol\u00f3gicas a trav\u00e9s de la teor\u00eda cr\u00edtica, metodolog\u00edas participativas y estrategias de comunicaci\u00f3n innovadoras que prioricen la agencia de los p\u00fablicos y las perspectivas decoloniales.<\/p>\n<p>Creo firmemente que ICOFOM es un catalizador de cambios de paradigma en el \u00e1mbito muse\u00edstico, y aspiro a aportar mi experiencia en la organizaci\u00f3n de congresos nacionales e internacionales para promover di\u00e1logos que integren una amplia diversidad de voces \u2014desde muse\u00f3logos j\u00f3venes hasta profesionales subrepresentados\u2014, mediante la gesti\u00f3n de eventos presenciales e h\u00edbridos. As\u00ed, contribuir\u00e9 a fortalecer los lazos de ICOFOM con Am\u00e9rica Latina y otras redes regionales.<\/p>\n<p>Mi objetivo no es ocupar un cargo, sino participar activamente en el avance de los esfuerzos intelectuales y pr\u00e1cticos de ICOFOM. Desde el Grupo de Trabajo sobre Conferencias, deseo contribuir a la creaci\u00f3n de espacios significativos de intercambio de conocimiento, asegurando que ICOFOM siga siendo una fuerza vital en el pensamiento museol\u00f3gico global.<\/p>\n<h4><b>Dra. Sarina Wakefield\u00a0 (U.K.)<\/b><\/h4>\n<p><img decoding=\"async\" loading=\"lazy\" class=\"wp-image-8282 alignleft\" src=\"https:\/\/icofom.mini.icom.museum\/wp-content\/uploads\/sites\/18\/2025\/10\/Sarina-768x1024.jpg\" alt=\"\" width=\"224\" height=\"299\" srcset=\"https:\/\/icofom.mini.icom.museum\/wp-content\/uploads\/sites\/18\/2025\/10\/Sarina-768x1024.jpg 768w, https:\/\/icofom.mini.icom.museum\/wp-content\/uploads\/sites\/18\/2025\/10\/Sarina-225x300.jpg 225w, https:\/\/icofom.mini.icom.museum\/wp-content\/uploads\/sites\/18\/2025\/10\/Sarina-1152x1536.jpg 1152w, https:\/\/icofom.mini.icom.museum\/wp-content\/uploads\/sites\/18\/2025\/10\/Sarina-1536x2048.jpg 1536w, https:\/\/icofom.mini.icom.museum\/wp-content\/uploads\/sites\/18\/2025\/10\/Sarina-scaled.jpg 1920w\" sizes=\"(max-width: 224px) 100vw, 224px\" \/><\/p>\n<p><strong>(A) Biograf\u00eda<\/strong><\/p>\n<p>La Dra. Sarina Wakefield es profesora de Estudios Muse\u00edsticos y decana de Internacionalizaci\u00f3n de la Facultad de Ciencias Sociales, Artes y Humanidades de la Universidad de Leicester. Su investigaci\u00f3n y docencia se centran en la museolog\u00eda y el patrimonio transnacionales, especialmente en los Estados del Golfo, donde ha trabajado durante m\u00e1s de veinte a\u00f1os en proyectos relacionados con museos y patrimonio. Ha publicado numerosos trabajos, entre los que se incluyen Transnational Narratives and Museum Franchising in Abu Dhabi (2021) y Museums of the Arabian Peninsula (2021), y es coeditora de los siguientes vol\u00famenes de pr\u00f3xima publicaci\u00f3n: Routledge Handbook of Heritage and Creative Practice (en prensa, previsto para octubre de 2025) y Cultural Heritage Ecosystems in the WANA region (en prensa, previsto para marzo de 2026).<\/p>\n<p>La Dra. Wakefield es tambi\u00e9n fundadora y coordinadora de la serie de conferencias Museums in Arabia, un foro internacional que, durante m\u00e1s de una d\u00e9cada, ha reunido a acad\u00e9micos y profesionales para promover el di\u00e1logo sobre los museos y el patrimonio en los Estados del Golfo. Este trabajo refleja su compromiso con el fomento de las redes internacionales de investigaci\u00f3n y la ampliaci\u00f3n de las perspectivas regionales en los debates museol\u00f3gicos mundiales.<\/p>\n<p>Adem\u00e1s de sus contribuciones acad\u00e9micas, codirige la serie de libros de Routledge Representation and Identity in the Middle East: Critical Studies on Art, Culture, Heritage and Museums (Representaci\u00f3n e identidad en Oriente Medio: estudios cr\u00edticos sobre arte, cultura, patrimonio y museos). Gracias a su liderazgo en materia de internacionalizaci\u00f3n, aporta una amplia experiencia en asociaciones globales, innovaci\u00f3n pedag\u00f3gica y colaboraci\u00f3n intercultural, lo que la posiciona como una firme defensora de la expansi\u00f3n de los debates museol\u00f3gicos m\u00e1s all\u00e1 de las fronteras.<\/p>\n<p><strong>(B) Declaraci\u00f3n de funciones y contribuciones\u00a0<\/strong><\/p>\n<p>Para el mandato 2025-2028, me gustar\u00eda contribuir al ICOFOM como miembro de la Junta Directiva, al tiempo que desempe\u00f1o un papel activo dentro del Grupo de Trabajo de la Conferencia. Considero que las conferencias del ICOFOM son espacios fundamentales para avanzar en los debates te\u00f3ricos sobre museolog\u00eda y para fortalecer el di\u00e1logo global entre diversas perspectivas culturales y disciplinarias. Me comprometo a ayudar a configurar programas de conferencias que sean inclusivos, innovadores y reflejen la amplitud de la investigaci\u00f3n y la pr\u00e1ctica museol\u00f3gica contempor\u00e1nea. Mi experiencia en museolog\u00eda y patrimonio transnacionales, especialmente en los Estados del Golfo y en la regi\u00f3n WANA en general, se ajusta perfectamente a la misi\u00f3n del ICOFOM de ampliar el campo m\u00e1s all\u00e1 de los marcos centrados en Occidente.<\/p>\n<p>Aporto experiencia directa en la organizaci\u00f3n de conferencias, ya que he creado y dirigido la serie de conferencias \u00abMuseos en Arabia\u00bb, un foro internacional dedicado al estudio de los museos y el patrimonio en la pen\u00ednsula ar\u00e1biga. Durante m\u00e1s de una d\u00e9cada, esta serie reuni\u00f3 a acad\u00e9micos y profesionales de todo el mundo, fomentando redes de investigaci\u00f3n colaborativas y aumentando la visibilidad de las museolog\u00edas regionales en los debates globales. Esta experiencia me permitir\u00e1 contribuir de manera significativa al Grupo de Trabajo de Conferencias del ICOFOM, en particular en el desarrollo de temas, formatos y estrategias de divulgaci\u00f3n que fomenten la participaci\u00f3n de diversas voces.<\/p>\n<p>Mis habilidades en la creaci\u00f3n de alianzas internacionales, el liderazgo editorial y la innovaci\u00f3n pedag\u00f3gica me permiten contribuir estrat\u00e9gicamente tanto a los debates a nivel directivo como a las iniciativas de los grupos de trabajo. A trav\u00e9s de estas funciones, apoyar\u00eda los esfuerzos del ICOFOM para consolidar su posici\u00f3n como plataforma l\u00edder en museolog\u00eda cr\u00edtica, fomentando conversaciones inclusivas que conecten a acad\u00e9micos y profesionales m\u00e1s all\u00e1 de las fronteras, los idiomas y las tradiciones.<\/p>\n<h3>Maxence Zabo<\/h3>\n<p><img decoding=\"async\" loading=\"lazy\" class=\"alignleft size-medium wp-image-8332\" src=\"https:\/\/icofom.mini.icom.museum\/wp-content\/uploads\/sites\/18\/2025\/10\/2f26b19f-db69-4feb-b406-e889b55ff32a-300x200.jpeg\" alt=\"\" width=\"300\" height=\"200\" srcset=\"https:\/\/icofom.mini.icom.museum\/wp-content\/uploads\/sites\/18\/2025\/10\/2f26b19f-db69-4feb-b406-e889b55ff32a-300x200.jpeg 300w, https:\/\/icofom.mini.icom.museum\/wp-content\/uploads\/sites\/18\/2025\/10\/2f26b19f-db69-4feb-b406-e889b55ff32a-1024x682.jpeg 1024w, https:\/\/icofom.mini.icom.museum\/wp-content\/uploads\/sites\/18\/2025\/10\/2f26b19f-db69-4feb-b406-e889b55ff32a-768x512.jpeg 768w, https:\/\/icofom.mini.icom.museum\/wp-content\/uploads\/sites\/18\/2025\/10\/2f26b19f-db69-4feb-b406-e889b55ff32a-1536x1023.jpeg 1536w, https:\/\/icofom.mini.icom.museum\/wp-content\/uploads\/sites\/18\/2025\/10\/2f26b19f-db69-4feb-b406-e889b55ff32a.jpeg 1600w\" sizes=\"(max-width: 300px) 100vw, 300px\" \/>Como testigo y protagonista de una museolog\u00eda en constante reinvenci\u00f3n, me presento como candidato al puesto de miembro ordinario para el mandato 2025-2028 del ICOFOM, con la intenci\u00f3n de unirme al grupo de trabajo \u00abConferencias\u00bb.<br \/>\nFormado en Abiy\u00e1n (Costa de Marfil) y Par\u00eds (Francia) en arqueolog\u00eda, historia del arte, con especial atenci\u00f3n al arte isl\u00e1mico, y geopol\u00edtica, mi investigaci\u00f3n ha examinado el papel del patrimonio en las pol\u00edticas p\u00fablicas y la diplomacia desde las independencias de \u00c1frica Occidental.Desde hace casi tres a\u00f1os resido en Abu Dabi, donde contribuyo al desarrollo del sector muse\u00edstico local en el marco de la cooperaci\u00f3n franco-emirat\u00ed, en particular a trav\u00e9s de proyectos de formaci\u00f3n y capacitaci\u00f3n dirigidos por France Mus\u00e9ums y sus socios en todo el mundo.<br \/>\nConsidero la museolog\u00eda como un laboratorio vivo, donde la confrontaci\u00f3n de ideas, m\u00e9todos y experiencias de diversos contextos alimenta un di\u00e1logo cr\u00edtico, inclusivo e innovador . Nuestra disciplina requiere un compromiso para hacer accesibles los espacios patrimoniales como lugares que albergan tanto la memoria como el futuro colectivo de las sociedades, al tiempo que se anima a todos los p\u00fablicos a convertirse en practicantes activos. Repensar nuestras pr\u00e1cticas significa valorar la reciprocidad, hacer de la formaci\u00f3n un motor de empoderamiento profesional y reconocer los beneficios de las m\u00faltiples realidades de las que a menudo surgen pr\u00e1cticas complementarias, que sirven tanto al artefacto como a su p\u00fablico.<br \/>\nAl unirme a ICOFOM, deseo contribuir a este esfuerzo colectivo: fortalecer el papel del comit\u00e9 como plataforma para intercambios cr\u00edticos y estimulantes, apoyar la reflexi\u00f3n sobre las pr\u00e1cticas museol\u00f3gicas emergentes y mejorar la visibilidad de los profesionales a trav\u00e9s del intercambio de conocimientos abierto, colaborativo y sostenible. Esto requiere tejer una red verdaderamente global, activa tanto a nivel local como internacional, donde cada profesional encuentre recursos, interlocutores y un espacio dedicado al intercambio. Considerada como una extensi\u00f3n natural de mis actividades actuales, esta contribuci\u00f3n a la vitalidad de las conferencias y reuniones de ICOFOM es algo que estoy especialmente deseoso de llevar a cabo junto a todos ustedes.<\/p>\n<p>&nbsp;<\/p>\n<p>&nbsp;<\/p>\n<p>&nbsp;<\/p>\n","protected":false},"excerpt":{"rendered":"<p>Para ver las descripciones en franc\u00e9s o ingl\u00e9s, cambie el idioma de la p\u00e1gina. Aviso de traducci\u00f3n: Esta p\u00e1gina utiliza traducci\u00f3n asistida por IA. No fue posible una revisi\u00f3n profesional por falta de tiempo y recursos. En caso de discrepancias, prevalecen las postulaciones originales de las candidaturas. Candidata a la Presidencia: Marion Bertin (FR) Miembro [&hellip;]<\/p>\n","protected":false},"author":78,"featured_media":0,"comment_status":"open","ping_status":"open","sticky":false,"template":"","format":"standard","meta":{"footnotes":""},"categories":[3324],"tags":[],"yst_prominent_words":[68,78,115,552,979,480,107,215,718,104,1912,976,972,112,214,1133,211],"acf":[],"_links":{"self":[{"href":"https:\/\/icofom.mini.icom.museum\/es\/wp-json\/wp\/v2\/posts\/8239"}],"collection":[{"href":"https:\/\/icofom.mini.icom.museum\/es\/wp-json\/wp\/v2\/posts"}],"about":[{"href":"https:\/\/icofom.mini.icom.museum\/es\/wp-json\/wp\/v2\/types\/post"}],"author":[{"embeddable":true,"href":"https:\/\/icofom.mini.icom.museum\/es\/wp-json\/wp\/v2\/users\/78"}],"replies":[{"embeddable":true,"href":"https:\/\/icofom.mini.icom.museum\/es\/wp-json\/wp\/v2\/comments?post=8239"}],"version-history":[{"count":9,"href":"https:\/\/icofom.mini.icom.museum\/es\/wp-json\/wp\/v2\/posts\/8239\/revisions"}],"predecessor-version":[{"id":8336,"href":"https:\/\/icofom.mini.icom.museum\/es\/wp-json\/wp\/v2\/posts\/8239\/revisions\/8336"}],"wp:attachment":[{"href":"https:\/\/icofom.mini.icom.museum\/es\/wp-json\/wp\/v2\/media?parent=8239"}],"wp:term":[{"taxonomy":"category","embeddable":true,"href":"https:\/\/icofom.mini.icom.museum\/es\/wp-json\/wp\/v2\/categories?post=8239"},{"taxonomy":"post_tag","embeddable":true,"href":"https:\/\/icofom.mini.icom.museum\/es\/wp-json\/wp\/v2\/tags?post=8239"},{"taxonomy":"yst_prominent_words","embeddable":true,"href":"https:\/\/icofom.mini.icom.museum\/es\/wp-json\/wp\/v2\/yst_prominent_words?post=8239"}],"curies":[{"name":"wp","href":"https:\/\/api.w.org\/{rel}","templated":true}]}}