{"id":2564,"date":"2020-02-05T19:37:15","date_gmt":"2020-02-05T19:37:15","guid":{"rendered":"http:\/\/icofom.mini.icom.museum\/?p=2564"},"modified":"2020-03-14T19:15:45","modified_gmt":"2020-03-14T19:15:45","slug":"seminario-internacional-e-workshop-ppg-mus-programa-de-pos-graduacao-mestrado%e2%80%8b-icofom-international-committee-for-museology%e2%80%8b-icofom-lam-oficial%e2%80%8b","status":"publish","type":"post","link":"https:\/\/icofom.mini.icom.museum\/fr\/seminario-internacional-e-workshop-ppg-mus-programa-de-pos-graduacao-mestrado%e2%80%8b-icofom-international-committee-for-museology%e2%80%8b-icofom-lam-oficial%e2%80%8b\/","title":{"rendered":"Seminario Internacional e Workshop PPG-MUS: Programa de P\u00f3s-Gradua\u00e7\u00e3o\/Mestrado\u200b \/ Icofom &#8211; International Committee for Museology\u200b \/ ICOFOM LAM Oficial\u200b"},"content":{"rendered":"<p>Mus\u00e9es et mus\u00e9ologie en Am\u00e9rique latine: Partager les actions de recherche, de qualification professionnelle et valoriser les strat\u00e9gies inclusives<\/p>\n<p>S\u00e9minaire et atelier international PPG-MUS: Programme de troisi\u00e8me cycle \/ Master \/ Icofom &#8211; Comit\u00e9 international de mus\u00e9ologie \/ ICOFOM LAM Oficial<\/p>\n<p><img decoding=\"async\" loading=\"lazy\" class=\"wp-image-2525 aligncenter\" src=\"http:\/\/icofom.mini.icom.museum\/wp-content\/uploads\/sites\/18\/2020\/01\/Evento-Museus-e-Museologia-na-Am\u00e9rica-Latina-banner-divulga\u00e7\u00e3o-300x265.jpg\" alt=\"\" width=\"439\" height=\"388\" srcset=\"https:\/\/icofom.mini.icom.museum\/wp-content\/uploads\/sites\/18\/2020\/01\/Evento-Museus-e-Museologia-na-Am\u00e9rica-Latina-banner-divulga\u00e7\u00e3o-300x265.jpg 300w, https:\/\/icofom.mini.icom.museum\/wp-content\/uploads\/sites\/18\/2020\/01\/Evento-Museus-e-Museologia-na-Am\u00e9rica-Latina-banner-divulga\u00e7\u00e3o-768x679.jpg 768w, https:\/\/icofom.mini.icom.museum\/wp-content\/uploads\/sites\/18\/2020\/01\/Evento-Museus-e-Museologia-na-Am\u00e9rica-Latina-banner-divulga\u00e7\u00e3o-1024x905.jpg 1024w, https:\/\/icofom.mini.icom.museum\/wp-content\/uploads\/sites\/18\/2020\/01\/Evento-Museus-e-Museologia-na-Am\u00e9rica-Latina-banner-divulga\u00e7\u00e3o.jpg 1371w\" sizes=\"(max-width: 439px) 100vw, 439px\" \/><\/p>\n<p><a href=\"https:\/\/docs.google.com\/forms\/d\/e\/1FAIpQLScjJWmHiOHzfcwGbPJ1O79XfnCUObvasQBIFcB-DtSk-KmJDQ\/viewform\">INCRIVEZ-VOUS ICI!<\/a><\/p>\n<p>Pour vous inscrire \u00e0 notre \u00e9v\u00e9nement ou atelier, vous devez vous connecter \u00e0 votre compte Google,<\/p>\n<p>en cas de nouveaux utilisateurs, il est n\u00e9cessaire de cr\u00e9er un nouveau compte sur ce lien.<\/p>\n<p>INSCRIPTION \u00c0 L&#8217;\u00c9V\u00c9NEMENT ET \u00c0 L&#8217;ATELIER<\/p>\n<p>SOUMISSION \/ S DE TRAVAIL<\/p>\n<p>&nbsp;<\/p>\n<p><a href=\"https:\/\/gallery.mailchimp.com\/a7bfcaa6819adeb66dc1cda89\/files\/06f5a3be-bbdc-4c03-9184-370734f9acc5\/Chamada_para_Trabalhos_portugues.pdf\">CHAMADA PARA TRABALHOS (PORTUGU\u00caS)<\/a><\/p>\n<p>&nbsp;<\/p>\n<p><a href=\"https:\/\/gallery.mailchimp.com\/a7bfcaa6819adeb66dc1cda89\/files\/83dfcf8c-f966-419f-9c87-5e3544cd8759\/Llamada_para_Trabajos_espanhol.pdf\">LLAMADA PARA TRABAJOS (ESPA\u00d1OL)<\/a><\/p>\n<p>&nbsp;<\/p>\n<p>____________________________________________________________<\/p>\n<p>&nbsp;<\/p>\n<p>Pour plus d&#8217;informations: appelez le (21) 2542-1031 ou envoyez un e-mail \u00e0 secretariappg-pmus@unirio.br<\/p>\n<p>Service d&#8217;heures d&#8217;ouverture<\/p>\n","protected":false},"excerpt":{"rendered":"<p>Mus\u00e9es et mus\u00e9ologie en Am\u00e9rique latine: Partager les actions de recherche, de qualification professionnelle et valoriser les strat\u00e9gies inclusives S\u00e9minaire et atelier international PPG-MUS: Programme de troisi\u00e8me cycle \/ Master \/ Icofom &#8211; Comit\u00e9 international de mus\u00e9ologie \/ ICOFOM LAM Oficial INCRIVEZ-VOUS ICI! Pour vous inscrire \u00e0 notre \u00e9v\u00e9nement ou atelier, vous devez vous connecter [&hellip;]<\/p>\n","protected":false},"author":35,"featured_media":0,"comment_status":"open","ping_status":"open","sticky":false,"template":"","format":"standard","meta":{"footnotes":""},"categories":[17],"tags":[],"yst_prominent_words":[1462,1463,2101,2099,462,2082,2085,510,461,818,2104,435,536,511],"acf":[],"_links":{"self":[{"href":"https:\/\/icofom.mini.icom.museum\/fr\/wp-json\/wp\/v2\/posts\/2564"}],"collection":[{"href":"https:\/\/icofom.mini.icom.museum\/fr\/wp-json\/wp\/v2\/posts"}],"about":[{"href":"https:\/\/icofom.mini.icom.museum\/fr\/wp-json\/wp\/v2\/types\/post"}],"author":[{"embeddable":true,"href":"https:\/\/icofom.mini.icom.museum\/fr\/wp-json\/wp\/v2\/users\/35"}],"replies":[{"embeddable":true,"href":"https:\/\/icofom.mini.icom.museum\/fr\/wp-json\/wp\/v2\/comments?post=2564"}],"version-history":[{"count":3,"href":"https:\/\/icofom.mini.icom.museum\/fr\/wp-json\/wp\/v2\/posts\/2564\/revisions"}],"predecessor-version":[{"id":3213,"href":"https:\/\/icofom.mini.icom.museum\/fr\/wp-json\/wp\/v2\/posts\/2564\/revisions\/3213"}],"wp:attachment":[{"href":"https:\/\/icofom.mini.icom.museum\/fr\/wp-json\/wp\/v2\/media?parent=2564"}],"wp:term":[{"taxonomy":"category","embeddable":true,"href":"https:\/\/icofom.mini.icom.museum\/fr\/wp-json\/wp\/v2\/categories?post=2564"},{"taxonomy":"post_tag","embeddable":true,"href":"https:\/\/icofom.mini.icom.museum\/fr\/wp-json\/wp\/v2\/tags?post=2564"},{"taxonomy":"yst_prominent_words","embeddable":true,"href":"https:\/\/icofom.mini.icom.museum\/fr\/wp-json\/wp\/v2\/yst_prominent_words?post=2564"}],"curies":[{"name":"wp","href":"https:\/\/api.w.org\/{rel}","templated":true}]}}