{"id":3217,"date":"2020-03-14T19:30:15","date_gmt":"2020-03-14T19:30:15","guid":{"rendered":"http:\/\/icofom.mini.icom.museum\/?p=3217"},"modified":"2020-03-14T19:47:19","modified_gmt":"2020-03-14T19:47:19","slug":"28eme-reunion-regionale-de-licofom-lam","status":"publish","type":"post","link":"https:\/\/icofom.mini.icom.museum\/fr\/28eme-reunion-regionale-de-licofom-lam\/","title":{"rendered":"28\u00e8me R\u00c9UNION R\u00c9GIONALE DE L\u2019ICOFOM LAM"},"content":{"rendered":"<h3>28\u00e8me R\u00c9UNION R\u00c9GIONALE DE L\u2019ICOFOM LAM<\/h3>\n<p>\u201cVers une d\u00e9finition du mus\u00e9e dans une perspective latino-am\u00e9ricaine et carib\u00e9enne: fondements \u00e9pist\u00e9mologiques\u201d<\/p>\n<p>7-10 septembre<\/p>\n<p class=\"align-center\">Place: Ciudad de C\u00f3rdoba, C\u00f3rdoba, Argentina.<\/p>\n<p class=\"align-center\"><a href=\"https:\/\/drive.google.com\/open?id=1skKLjieiid64Gg47hL68IEwhnkKPDRgZ\" target=\"_blank\" rel=\"noopener\">1er avis<\/a><\/p>\n","protected":false},"excerpt":{"rendered":"<p>28\u00e8me R\u00c9UNION R\u00c9GIONALE DE L\u2019ICOFOM LAM \u201cVers une d\u00e9finition du mus\u00e9e dans une perspective latino-am\u00e9ricaine et carib\u00e9enne: fondements \u00e9pist\u00e9mologiques\u201d 7-10 septembre Place: Ciudad de C\u00f3rdoba, C\u00f3rdoba, Argentina. 1er avis<\/p>\n","protected":false},"author":35,"featured_media":0,"comment_status":"open","ping_status":"open","sticky":false,"template":"","format":"standard","meta":{"footnotes":""},"categories":[792],"tags":[],"yst_prominent_words":[2689,2101,715],"acf":[],"_links":{"self":[{"href":"https:\/\/icofom.mini.icom.museum\/fr\/wp-json\/wp\/v2\/posts\/3217"}],"collection":[{"href":"https:\/\/icofom.mini.icom.museum\/fr\/wp-json\/wp\/v2\/posts"}],"about":[{"href":"https:\/\/icofom.mini.icom.museum\/fr\/wp-json\/wp\/v2\/types\/post"}],"author":[{"embeddable":true,"href":"https:\/\/icofom.mini.icom.museum\/fr\/wp-json\/wp\/v2\/users\/35"}],"replies":[{"embeddable":true,"href":"https:\/\/icofom.mini.icom.museum\/fr\/wp-json\/wp\/v2\/comments?post=3217"}],"version-history":[{"count":2,"href":"https:\/\/icofom.mini.icom.museum\/fr\/wp-json\/wp\/v2\/posts\/3217\/revisions"}],"predecessor-version":[{"id":3227,"href":"https:\/\/icofom.mini.icom.museum\/fr\/wp-json\/wp\/v2\/posts\/3217\/revisions\/3227"}],"wp:attachment":[{"href":"https:\/\/icofom.mini.icom.museum\/fr\/wp-json\/wp\/v2\/media?parent=3217"}],"wp:term":[{"taxonomy":"category","embeddable":true,"href":"https:\/\/icofom.mini.icom.museum\/fr\/wp-json\/wp\/v2\/categories?post=3217"},{"taxonomy":"post_tag","embeddable":true,"href":"https:\/\/icofom.mini.icom.museum\/fr\/wp-json\/wp\/v2\/tags?post=3217"},{"taxonomy":"yst_prominent_words","embeddable":true,"href":"https:\/\/icofom.mini.icom.museum\/fr\/wp-json\/wp\/v2\/yst_prominent_words?post=3217"}],"curies":[{"name":"wp","href":"https:\/\/api.w.org\/{rel}","templated":true}]}}