{"id":3581,"date":"2020-05-22T19:26:29","date_gmt":"2020-05-22T19:26:29","guid":{"rendered":"http:\/\/icofom.mini.icom.museum\/the-decolonization-of-museology-museums-mixing-and-the-myths-of-origins\/"},"modified":"2020-05-22T19:32:53","modified_gmt":"2020-05-22T19:32:53","slug":"the-decolonization-of-museology-museums-mixing-and-the-myths-of-origins","status":"publish","type":"post","link":"https:\/\/icofom.mini.icom.museum\/fr\/the-decolonization-of-museology-museums-mixing-and-the-myths-of-origins\/","title":{"rendered":"\u00abLa d\u00e9colonisation de la mus\u00e9ologie: mus\u00e9es, m\u00e9tissages et mythes d\u2019origine \u00bb"},"content":{"rendered":"<div id=\"c9881\">\n<div id=\"c9881\">\n<p dir=\"ltr\"><strong>Cher.e.s membres d\u2019ICOFOM et coll\u00e8gues de la communaut\u00e9 mus\u00e9ale,<\/strong><\/p>\n<p dir=\"ltr\">En raison de la pand\u00e9mie de COVID-19, nous vous informons le report du 43e symposium annuel d\u2019ICOFOM, organis\u00e9 en association avec le patrimoine autochtone et les mus\u00e9es canadiens, qui doit avoir lieu dans les villes de Montr\u00e9al, Qu\u00e9bec et Gatineau-Ottawa. Cet \u00e9v\u00e9nement, pr\u00e9vu initialement du 28 septembre au 2 octobre 2020.<\/p>\n<p>Par cons\u00e9quent, n<strong>ous \u00e9tendons \u00e9galement l\u2019\u00e9ch\u00e9ance de l\u2019appel \u00e0 communications jusqu\u2019au 31 mai 2020<\/strong>. Les propositions sont \u00e0 envoyer \u00e0 l\u2019adresse email pr\u00e9c\u00e9demment indiqu\u00e9e dans les communications :\u00a0<a href=\"mailto:icofomsymposium@gmail.com\" target=\"_blank\" rel=\"nofollow noopener\">icofomsymposium@gmail.com<\/a>. L\u2019appel \u00e0 communications\u00a0<span class=\"link_red\"><a href=\"https:\/\/drive.google.com\/open?id=1xI2xJfdNFuniJcttympZuVcwHnLxqphR\">CFP<\/a><\/span>\u00a0reste le m\u00eame, seule la date butoir change. Les r\u00e8gles de publication sont\u00a0<span class=\"link_red\"><a href=\"https:\/\/drive.google.com\/drive\/folders\/1M0lhWHc13A2L0ll16TQrc7MnaRoBM6Bd\">les\u00a0r\u00e8gles stylistiques de soumission<\/a><\/span>en anglais, fran\u00e7ais et espagnol.<\/p>\n<p>Prenez soin de soin,<\/p>\n<p>Le bureau d\u2019ICOFOM<\/p>\n<\/div>\n<\/div>\n<div id=\"c9881\">\n<p><img decoding=\"async\" loading=\"lazy\" class=\"alignnone size-medium wp-image-3267\" src=\"http:\/\/icofom.mini.icom.museum\/wp-content\/uploads\/sites\/18\/2020\/03\/DSC08887-300x225.jpg\" alt=\"\" width=\"300\" height=\"225\" srcset=\"https:\/\/icofom.mini.icom.museum\/wp-content\/uploads\/sites\/18\/2020\/03\/DSC08887-300x225.jpg 300w, https:\/\/icofom.mini.icom.museum\/wp-content\/uploads\/sites\/18\/2020\/03\/DSC08887-768x576.jpg 768w, https:\/\/icofom.mini.icom.museum\/wp-content\/uploads\/sites\/18\/2020\/03\/DSC08887-1024x768.jpg 1024w\" sizes=\"(max-width: 300px) 100vw, 300px\" \/><img decoding=\"async\" loading=\"lazy\" class=\"alignnone size-medium wp-image-3270\" src=\"http:\/\/icofom.mini.icom.museum\/wp-content\/uploads\/sites\/18\/2020\/03\/DSC08889-300x225.jpg\" alt=\"\" width=\"300\" height=\"225\" srcset=\"https:\/\/icofom.mini.icom.museum\/wp-content\/uploads\/sites\/18\/2020\/03\/DSC08889-300x225.jpg 300w, https:\/\/icofom.mini.icom.museum\/wp-content\/uploads\/sites\/18\/2020\/03\/DSC08889-768x576.jpg 768w, https:\/\/icofom.mini.icom.museum\/wp-content\/uploads\/sites\/18\/2020\/03\/DSC08889-1024x768.jpg 1024w\" sizes=\"(max-width: 300px) 100vw, 300px\" \/><\/p>\n<\/div>\n","protected":false},"excerpt":{"rendered":"<p>Cher.e.s membres d\u2019ICOFOM et coll\u00e8gues de la communaut\u00e9 mus\u00e9ale, En raison de la pand\u00e9mie de COVID-19, nous vous informons le report du 43e symposium annuel d\u2019ICOFOM, organis\u00e9 en association avec le patrimoine autochtone et les mus\u00e9es canadiens, qui doit avoir lieu dans les villes de Montr\u00e9al, Qu\u00e9bec et Gatineau-Ottawa. Cet \u00e9v\u00e9nement, pr\u00e9vu initialement du 28 [&hellip;]<\/p>\n","protected":false},"author":35,"featured_media":0,"comment_status":"open","ping_status":"open","sticky":false,"template":"","format":"standard","meta":{"footnotes":""},"categories":[1969,792,17],"tags":[],"yst_prominent_words":[2607,1755,1758,1757,538,1428,2101,78,87,2099,462,1759,1754,1753,2097,359,510,1756,1761,1760],"acf":[],"_links":{"self":[{"href":"https:\/\/icofom.mini.icom.museum\/fr\/wp-json\/wp\/v2\/posts\/3581"}],"collection":[{"href":"https:\/\/icofom.mini.icom.museum\/fr\/wp-json\/wp\/v2\/posts"}],"about":[{"href":"https:\/\/icofom.mini.icom.museum\/fr\/wp-json\/wp\/v2\/types\/post"}],"author":[{"embeddable":true,"href":"https:\/\/icofom.mini.icom.museum\/fr\/wp-json\/wp\/v2\/users\/35"}],"replies":[{"embeddable":true,"href":"https:\/\/icofom.mini.icom.museum\/fr\/wp-json\/wp\/v2\/comments?post=3581"}],"version-history":[{"count":5,"href":"https:\/\/icofom.mini.icom.museum\/fr\/wp-json\/wp\/v2\/posts\/3581\/revisions"}],"predecessor-version":[{"id":3594,"href":"https:\/\/icofom.mini.icom.museum\/fr\/wp-json\/wp\/v2\/posts\/3581\/revisions\/3594"}],"wp:attachment":[{"href":"https:\/\/icofom.mini.icom.museum\/fr\/wp-json\/wp\/v2\/media?parent=3581"}],"wp:term":[{"taxonomy":"category","embeddable":true,"href":"https:\/\/icofom.mini.icom.museum\/fr\/wp-json\/wp\/v2\/categories?post=3581"},{"taxonomy":"post_tag","embeddable":true,"href":"https:\/\/icofom.mini.icom.museum\/fr\/wp-json\/wp\/v2\/tags?post=3581"},{"taxonomy":"yst_prominent_words","embeddable":true,"href":"https:\/\/icofom.mini.icom.museum\/fr\/wp-json\/wp\/v2\/yst_prominent_words?post=3581"}],"curies":[{"name":"wp","href":"https:\/\/api.w.org\/{rel}","templated":true}]}}