{"id":4540,"date":"2021-03-12T22:28:08","date_gmt":"2021-03-12T22:28:08","guid":{"rendered":"http:\/\/icofom.mini.icom.museum\/?p=4540"},"modified":"2021-03-17T23:19:53","modified_gmt":"2021-03-17T23:19:53","slug":"lassemblee-annuelle-de-licofom","status":"publish","type":"post","link":"https:\/\/icofom.mini.icom.museum\/fr\/lassemblee-annuelle-de-licofom\/","title":{"rendered":"L\u2019Assembl\u00e9e annuelle de l\u2019ICOFOM"},"content":{"rendered":"<p><strong>L\u2019Assembl\u00e9e annuelle de l\u2019ICOFOM aura lieu le 18 mars 2021, de 12 h 30 \u00e0 13 h 30 EDT, sur zoom (<a href=\"https:\/\/uqam.zoom.us\/j\/89108362488\" target=\"_blank\" rel=\"noopener\">https:\/\/uqam.zoom.us\/j\/89108362488<\/a>).<\/strong><\/p>\n<p><strong>Agenda<\/strong><\/p>\n<ol>\n<li>Ouverture de la s\u00e9ance<\/li>\n<li>Approbation de l\u2019ordre du jour<\/li>\n<li>Approbation du <a href=\"https:\/\/drive.google.com\/file\/d\/1dqRCKRAKcDc5-phRIhhpesCUWGl8ATfQ\/view\" target=\"_blank\" rel=\"noopener\">proc\u00e8s-verbal de l\u2019Assembl\u00e9e g\u00e9n\u00e9rale annuelle de 2020<\/a><\/li>\n<li>Rapport du Pr\u00e9sident<\/li>\n<li>Rapports des sous-comit\u00e9s<\/li>\n<li><a href=\"http:\/\/icofom.mini.icom.museum\/wp-content\/uploads\/sites\/18\/2021\/03\/ICOFOM-Financial-report-2020.pdf\" target=\"_blank\" rel=\"noopener\">Rapport du tr\u00e9sorier<\/a><\/li>\n<li>Projets futurs<\/li>\n<\/ol>\n","protected":false},"excerpt":{"rendered":"<p>L\u2019Assembl\u00e9e annuelle de l\u2019ICOFOM aura lieu le 18 mars 2021, de 12 h 30 \u00e0 13 h 30 EDT, sur zoom (https:\/\/uqam.zoom.us\/j\/89108362488). Agenda Ouverture de la s\u00e9ance Approbation de l\u2019ordre du jour Approbation du proc\u00e8s-verbal de l\u2019Assembl\u00e9e g\u00e9n\u00e9rale annuelle de 2020 Rapport du Pr\u00e9sident Rapports des sous-comit\u00e9s Rapport du tr\u00e9sorier Projets futurs<\/p>\n","protected":false},"author":78,"featured_media":0,"comment_status":"open","ping_status":"open","sticky":false,"template":"","format":"standard","meta":{"footnotes":""},"categories":[17],"tags":[],"yst_prominent_words":[3195,2159,1360,939,3217,2101,87,3194,3216,3218,3215],"acf":[],"_links":{"self":[{"href":"https:\/\/icofom.mini.icom.museum\/fr\/wp-json\/wp\/v2\/posts\/4540"}],"collection":[{"href":"https:\/\/icofom.mini.icom.museum\/fr\/wp-json\/wp\/v2\/posts"}],"about":[{"href":"https:\/\/icofom.mini.icom.museum\/fr\/wp-json\/wp\/v2\/types\/post"}],"author":[{"embeddable":true,"href":"https:\/\/icofom.mini.icom.museum\/fr\/wp-json\/wp\/v2\/users\/78"}],"replies":[{"embeddable":true,"href":"https:\/\/icofom.mini.icom.museum\/fr\/wp-json\/wp\/v2\/comments?post=4540"}],"version-history":[{"count":6,"href":"https:\/\/icofom.mini.icom.museum\/fr\/wp-json\/wp\/v2\/posts\/4540\/revisions"}],"predecessor-version":[{"id":4578,"href":"https:\/\/icofom.mini.icom.museum\/fr\/wp-json\/wp\/v2\/posts\/4540\/revisions\/4578"}],"wp:attachment":[{"href":"https:\/\/icofom.mini.icom.museum\/fr\/wp-json\/wp\/v2\/media?parent=4540"}],"wp:term":[{"taxonomy":"category","embeddable":true,"href":"https:\/\/icofom.mini.icom.museum\/fr\/wp-json\/wp\/v2\/categories?post=4540"},{"taxonomy":"post_tag","embeddable":true,"href":"https:\/\/icofom.mini.icom.museum\/fr\/wp-json\/wp\/v2\/tags?post=4540"},{"taxonomy":"yst_prominent_words","embeddable":true,"href":"https:\/\/icofom.mini.icom.museum\/fr\/wp-json\/wp\/v2\/yst_prominent_words?post=4540"}],"curies":[{"name":"wp","href":"https:\/\/api.w.org\/{rel}","templated":true}]}}