{"id":4844,"date":"2021-09-01T17:44:18","date_gmt":"2021-09-01T17:44:18","guid":{"rendered":"https:\/\/icofom.mini.icom.museum\/?p=4844"},"modified":"2021-09-09T17:56:09","modified_gmt":"2021-09-09T17:56:09","slug":"4844","status":"publish","type":"post","link":"https:\/\/icofom.mini.icom.museum\/fr\/4844\/","title":{"rendered":"Deux nouvelles publications"},"content":{"rendered":"<div>Les quatri\u00e8me et cinqui\u00e8me volumes de la s\u00e9rie &#8220;Th\u00e9orie mus\u00e9ologique de l&#8217;Am\u00e9rique latine. Textes de r\u00e9f\u00e9rence&#8221; viennent de para\u00eetre !<\/div>\n<div>Ces volumes sont publi\u00e9s en trois langues : Espagnol, Portugais et Anglais.<\/div>\n<div>L&#8217;int\u00e9gralit\u00e9 des cinq volumes de la s\u00e9rie est en acc\u00e8s libre et peut \u00eatre lue en suivant ce lien :<\/div>\n<ol>\n<li><a href=\"https:\/\/drive.google.com\/file\/d\/1vXf-EyGQiDYsBRi0TVu9rTvAieLcm42y\/view\" target=\"_blank\" rel=\"noopener\"><strong>Latin American Museological Theory: Protohistory<\/strong>, Sandra Escudero (ed.)<\/a><\/li>\n<li><a href=\"https:\/\/drive.google.com\/file\/d\/1Bs8ti8_3gScrdixHVjQqWE1KYaMBVhQI\/view\" target=\"_blank\" rel=\"noopener\"><strong>Marta Arjona P\u00e9rez<\/strong>, Olga Nazor &amp; Sandra Escudero (eds.)<\/a><\/li>\n<li><a href=\"https:\/\/drive.google.com\/file\/d\/1noYbGSWQ70BhqWTRxdxjaEkpxoGCw_au\/view\" target=\"_blank\" rel=\"noopener\"><strong>Waldisa R\u00fassio Camargo Guarnieri<\/strong>, Luciana Menezes de Carvalho &amp; Sandra Escudero (eds.)<\/a><\/li>\n<li><a href=\"https:\/\/icofom.mini.icom.museum\/wp-content\/uploads\/sites\/18\/2021\/08\/Icofom_FelipeLacouture_03.pdf\" target=\"_blank\" rel=\"noopener\"><strong>Felipe Lacouture Fornelli<\/strong>, Carlos V\u00e1zquez Olvera (comp.)<\/a><\/li>\n<li><a href=\"https:\/\/icofom.mini.icom.museum\/wp-content\/uploads\/sites\/18\/2021\/08\/Icfm_NormaRusconi_02.pdf\" target=\"_blank\" rel=\"noopener\"><strong>Norma Rusconi<\/strong>, Nelly Decarolis (comp.)<\/a><\/li>\n<\/ol>\n","protected":false},"excerpt":{"rendered":"<p>Les quatri\u00e8me et cinqui\u00e8me volumes de la s\u00e9rie &#8220;Th\u00e9orie mus\u00e9ologique de l&#8217;Am\u00e9rique latine. Textes de r\u00e9f\u00e9rence&#8221; viennent de para\u00eetre ! Ces volumes sont publi\u00e9s en trois langues : Espagnol, Portugais et Anglais. L&#8217;int\u00e9gralit\u00e9 des cinq volumes de la s\u00e9rie est en acc\u00e8s libre et peut \u00eatre lue en suivant ce lien : Latin American Museological [&hellip;]<\/p>\n","protected":false},"author":78,"featured_media":4832,"comment_status":"open","ping_status":"open","sticky":false,"template":"","format":"standard","meta":{"footnotes":""},"categories":[2066],"tags":[],"yst_prominent_words":[2101,78,2099,462,2097,2069,2024,2071],"acf":[],"_links":{"self":[{"href":"https:\/\/icofom.mini.icom.museum\/fr\/wp-json\/wp\/v2\/posts\/4844"}],"collection":[{"href":"https:\/\/icofom.mini.icom.museum\/fr\/wp-json\/wp\/v2\/posts"}],"about":[{"href":"https:\/\/icofom.mini.icom.museum\/fr\/wp-json\/wp\/v2\/types\/post"}],"author":[{"embeddable":true,"href":"https:\/\/icofom.mini.icom.museum\/fr\/wp-json\/wp\/v2\/users\/78"}],"replies":[{"embeddable":true,"href":"https:\/\/icofom.mini.icom.museum\/fr\/wp-json\/wp\/v2\/comments?post=4844"}],"version-history":[{"count":2,"href":"https:\/\/icofom.mini.icom.museum\/fr\/wp-json\/wp\/v2\/posts\/4844\/revisions"}],"predecessor-version":[{"id":4848,"href":"https:\/\/icofom.mini.icom.museum\/fr\/wp-json\/wp\/v2\/posts\/4844\/revisions\/4848"}],"wp:featuredmedia":[{"embeddable":true,"href":"https:\/\/icofom.mini.icom.museum\/fr\/wp-json\/wp\/v2\/media\/4832"}],"wp:attachment":[{"href":"https:\/\/icofom.mini.icom.museum\/fr\/wp-json\/wp\/v2\/media?parent=4844"}],"wp:term":[{"taxonomy":"category","embeddable":true,"href":"https:\/\/icofom.mini.icom.museum\/fr\/wp-json\/wp\/v2\/categories?post=4844"},{"taxonomy":"post_tag","embeddable":true,"href":"https:\/\/icofom.mini.icom.museum\/fr\/wp-json\/wp\/v2\/tags?post=4844"},{"taxonomy":"yst_prominent_words","embeddable":true,"href":"https:\/\/icofom.mini.icom.museum\/fr\/wp-json\/wp\/v2\/yst_prominent_words?post=4844"}],"curies":[{"name":"wp","href":"https:\/\/api.w.org\/{rel}","templated":true}]}}