{"id":6228,"date":"2023-03-08T17:29:22","date_gmt":"2023-03-08T16:29:22","guid":{"rendered":"https:\/\/icofom.mini.icom.museum\/?p=6228"},"modified":"2023-03-08T17:30:18","modified_gmt":"2023-03-08T16:30:18","slug":"coup-denvoi-du-reseau-dapprentissage-sur-la-signification-de-la-recherche-dans-les-musees","status":"publish","type":"post","link":"https:\/\/icofom.mini.icom.museum\/fr\/coup-denvoi-du-reseau-dapprentissage-sur-la-signification-de-la-recherche-dans-les-musees\/","title":{"rendered":"Coup d\u2019envoi du R\u00e9seau d\u2019apprentissage sur la signification de la &#8220;recherche&#8221; dans les mus\u00e9es"},"content":{"rendered":"<p><span style=\"font-weight: 400;\">Le 10 mars 2023, <a href=\"https:\/\/faro.be\/en\/faro-flemish-institution-cultural-heritage\" target=\"_blank\" rel=\"noopener\">FARO, l&#8217;Institution flamande pour le patrimoine culturel<\/a><\/span><span style=\"font-weight: 400;\">, pr\u00e9sentera le coup d&#8217;envoi de son nouveau projet &#8220;<\/span><i><span style=\"font-weight: 400;\">Patrimoine, recherche et d\u00e9veloppement du savoir<\/span><\/i><span style=\"font-weight: 400;\">&#8220;.\u00a0<\/span><\/p>\n<p><span style=\"font-weight: 400;\">Que signifie la recherche dans un mus\u00e9e ou une organisation patrimoniale ? En quoi diff\u00e8re-t-elle (ou non) de la recherche universitaire ? Qui est consid\u00e9r\u00e9\u00b7e comme &#8220;chercheur\u00b7euse&#8221; et qui ne l&#8217;est pas ? Telles sont les questions centrales dont nous discuterons l&#8217;ann\u00e9e prochaine au sein de ce nouveau r\u00e9seau d&#8217;apprentissage de travailleur\u00b7euse\u00b7s du patrimoine. Ces questions sont extr\u00eamement pertinentes pour les mus\u00e9ologues dans le contexte de la nouvelle d\u00e9finition du mus\u00e9e de l&#8217;ICOM qui met en avant la &#8220;recherche&#8221; comme une fonction tr\u00e8s importante.<\/span><\/p>\n<p><span style=\"font-weight: 400;\">La principale langue de travail du coup d&#8217;envoi est le n\u00e9erlandais, mais les discours d\u2019ouverture d&#8217;Emily Pringle et de Fran\u00e7ois<\/span> <span style=\"font-weight: 400;\">Mairesse, ainsi que la discussion qui suivra, se d\u00e9rouleront en anglais.\u00a0<\/span><\/p>\n<p><span style=\"font-weight: 400;\">Emily Pringle est une ancienne directrice de recherche aux mus\u00e9es Tate. Elle parlera de son livre &#8220;Rethinking Research in Art Museums&#8221; (Routledge, 2020) et r\u00e9fl\u00e9chira \u00e0 la signification de la recherche dans un mus\u00e9e.<\/span><\/p>\n<p><span style=\"font-weight: 400;\">Fran\u00e7ois Mairesse est un ancien pr\u00e9sident de l\u2019ICOFOM (2013-2019) et est actuellement le <\/span><span style=\"font-weight: 400;\">titulaire de la Chaire UNESCO pour l&#8217;\u00e9tude de la diversit\u00e9 mus\u00e9ale et son \u00e9volution<\/span><span style=\"font-weight: 400;\"> \u00e0 l&#8217;universit\u00e9 Sorbonne Nouvelle.<\/span><\/p>\n<p><span style=\"font-weight: 400;\">En raison de la gr\u00e8ve ferroviaire en Belgique, l&#8217;\u00e9v\u00e9nement se tiendra de mani\u00e8re hybride et sera diffus\u00e9 en direct sur Teams. La participation \u00e0 l&#8217;\u00e9v\u00e9nement en ligne et physiquement n\u00e9cessite le r\u00e8glement de frais d&#8217;inscription.<\/span><\/p>\n<p><span style=\"font-weight: 400;\">Vous trouverez des informations \u00e0 propos de l&#8217;inscription sur le calendrier de FARO en cliquant sur ce lien (en n\u00e9erlandais) :<\/span><a href=\"https:\/\/faro.be\/kalender\/kick-lerend-netwerk-erfgoed-onderzoek-en-kennisontwikkeling\"> <span style=\"font-weight: 400;\">https:\/\/faro.be\/kalender\/kick-lerend-netwerk-erfgoed-onderzoek-en-kennisontwikkeling<\/span><\/a><\/p>\n<p><b>\u00a0<\/b><\/p>\n<p><span style=\"font-weight: 400;\">Si vous avez d&#8217;autres questions, contactez les organisateur\u00b7rice\u00b7s : Alexander Vander Stichele alexander.vanderstichele[a]faro.be<\/span><span style=\"font-weight: 400;\">\u00a0ou Olga van Oost Olga.VanOost[a]faro.be<\/span><\/p>\n","protected":false},"excerpt":{"rendered":"<p>Le 10 mars 2023, FARO, l&#8217;Institution flamande pour le patrimoine culturel, pr\u00e9sentera le coup d&#8217;envoi de son nouveau projet &#8220;Patrimoine, recherche et d\u00e9veloppement du savoir&#8220;.\u00a0 Que signifie la recherche dans un mus\u00e9e ou une organisation patrimoniale ? En quoi diff\u00e8re-t-elle (ou non) de la recherche universitaire ? Qui est consid\u00e9r\u00e9\u00b7e comme &#8220;chercheur\u00b7euse&#8221; et qui ne [&hellip;]<\/p>\n","protected":false},"author":78,"featured_media":6187,"comment_status":"open","ping_status":"open","sticky":false,"template":"","format":"standard","meta":{"footnotes":""},"categories":[17],"tags":[],"yst_prominent_words":[578,78,87,672,462,2558,329,2281,579,359,2560],"acf":[],"_links":{"self":[{"href":"https:\/\/icofom.mini.icom.museum\/fr\/wp-json\/wp\/v2\/posts\/6228"}],"collection":[{"href":"https:\/\/icofom.mini.icom.museum\/fr\/wp-json\/wp\/v2\/posts"}],"about":[{"href":"https:\/\/icofom.mini.icom.museum\/fr\/wp-json\/wp\/v2\/types\/post"}],"author":[{"embeddable":true,"href":"https:\/\/icofom.mini.icom.museum\/fr\/wp-json\/wp\/v2\/users\/78"}],"replies":[{"embeddable":true,"href":"https:\/\/icofom.mini.icom.museum\/fr\/wp-json\/wp\/v2\/comments?post=6228"}],"version-history":[{"count":2,"href":"https:\/\/icofom.mini.icom.museum\/fr\/wp-json\/wp\/v2\/posts\/6228\/revisions"}],"predecessor-version":[{"id":6230,"href":"https:\/\/icofom.mini.icom.museum\/fr\/wp-json\/wp\/v2\/posts\/6228\/revisions\/6230"}],"wp:featuredmedia":[{"embeddable":true,"href":"https:\/\/icofom.mini.icom.museum\/fr\/wp-json\/wp\/v2\/media\/6187"}],"wp:attachment":[{"href":"https:\/\/icofom.mini.icom.museum\/fr\/wp-json\/wp\/v2\/media?parent=6228"}],"wp:term":[{"taxonomy":"category","embeddable":true,"href":"https:\/\/icofom.mini.icom.museum\/fr\/wp-json\/wp\/v2\/categories?post=6228"},{"taxonomy":"post_tag","embeddable":true,"href":"https:\/\/icofom.mini.icom.museum\/fr\/wp-json\/wp\/v2\/tags?post=6228"},{"taxonomy":"yst_prominent_words","embeddable":true,"href":"https:\/\/icofom.mini.icom.museum\/fr\/wp-json\/wp\/v2\/yst_prominent_words?post=6228"}],"curies":[{"name":"wp","href":"https:\/\/api.w.org\/{rel}","templated":true}]}}