{"id":6683,"date":"2023-07-31T10:52:03","date_gmt":"2023-07-31T08:52:03","guid":{"rendered":"https:\/\/icofom.mini.icom.museum\/?p=6683"},"modified":"2023-10-06T04:45:08","modified_gmt":"2023-10-06T02:45:08","slug":"appel-a-communications-46e-symposium-de-licofom","status":"publish","type":"post","link":"https:\/\/icofom.mini.icom.museum\/fr\/appel-a-communications-46e-symposium-de-licofom\/","title":{"rendered":"APPEL \u00c0 COMMUNICATIONS: 46e symposium de l&#8217;ICOFOM"},"content":{"rendered":"<h2>APPEL \u00c0 COMMUNICATIONS<\/h2>\n<h2>Symposium sur l&#8217;h\u00e9ritage et l&#8217;impact de la mus\u00e9ologie latino-am\u00e9ricaine et carib\u00e9enne<\/h2>\n<p>L&#8217; ICOFOM lance un appel \u00e0 communications pour son 46e symposium annuel sur le th\u00e8me de l&#8217;h\u00e9ritage et de l&#8217;impact de la mus\u00e9ologie latino-am\u00e9ricaine et carib\u00e9enne. Le symposium aura lieu du 6 au 10 novembre \u00e0 Recife, au Br\u00e9sil, en collaboration avec le symposium de l&#8217;ICOFOM sur l&#8217;Am\u00e9rique latine et les Cara\u00efbes (LAC) Histoires de la mus\u00e9ologie latino-am\u00e9ricaine et carib\u00e9enne. Il se tiendra dans un format hybride, \u00e0 la fois en personne et en ligne, avec une traduction simultan\u00e9e en anglais\/espagnol\/portugais. <strong>Les r\u00e9sum\u00e9s de 250 mots doivent \u00eatre examin\u00e9s avant le 31 ao\u00fbt.<\/strong><\/p>\n<p><strong>L&#8217;appel \u00e0 communications est maintenant clos<\/strong><\/p>\n<p>Nous annoncerons plus de d\u00e9tails sur la conf\u00e9rence et le programme \u00e0 l&#8217;approche des dates du symposium.<\/p>\n<p>Lisez les directives compl\u00e8tes ici avant de soumettre votre article (Ang): <a href=\"https:\/\/icofom.mini.icom.museum\/wp-content\/uploads\/sites\/18\/2023\/07\/Call-for-Papers-2023-copy.pdf\">Call for Papers 2023<\/a><\/p>\n<p>Formulaire de soumission : <a href=\"https:\/\/docs.google.com\/forms\/d\/e\/1FAIpQLSevoelLuEtmiMupEPlGUW-LIysXU9unX76yg_zhkgwC6osKww\/viewform\">lien<\/a><\/p>\n<p>Pour questions: secretary.icofom@icom.museum<\/p>\n<p>&nbsp;<\/p>\n<p>&nbsp;<\/p>\n","protected":false},"excerpt":{"rendered":"<p>APPEL \u00c0 COMMUNICATIONS Symposium sur l&#8217;h\u00e9ritage et l&#8217;impact de la mus\u00e9ologie latino-am\u00e9ricaine et carib\u00e9enne L&#8217; ICOFOM lance un appel \u00e0 communications pour son 46e symposium annuel sur le th\u00e8me de l&#8217;h\u00e9ritage et de l&#8217;impact de la mus\u00e9ologie latino-am\u00e9ricaine et carib\u00e9enne. Le symposium aura lieu du 6 au 10 novembre \u00e0 Recife, au Br\u00e9sil, en collaboration [&hellip;]<\/p>\n","protected":false},"author":105,"featured_media":6674,"comment_status":"open","ping_status":"open","sticky":false,"template":"","format":"standard","meta":{"footnotes":""},"categories":[17],"tags":[],"yst_prominent_words":[1635,1673,387,78,460,186],"acf":[],"_links":{"self":[{"href":"https:\/\/icofom.mini.icom.museum\/fr\/wp-json\/wp\/v2\/posts\/6683"}],"collection":[{"href":"https:\/\/icofom.mini.icom.museum\/fr\/wp-json\/wp\/v2\/posts"}],"about":[{"href":"https:\/\/icofom.mini.icom.museum\/fr\/wp-json\/wp\/v2\/types\/post"}],"author":[{"embeddable":true,"href":"https:\/\/icofom.mini.icom.museum\/fr\/wp-json\/wp\/v2\/users\/105"}],"replies":[{"embeddable":true,"href":"https:\/\/icofom.mini.icom.museum\/fr\/wp-json\/wp\/v2\/comments?post=6683"}],"version-history":[{"count":5,"href":"https:\/\/icofom.mini.icom.museum\/fr\/wp-json\/wp\/v2\/posts\/6683\/revisions"}],"predecessor-version":[{"id":6862,"href":"https:\/\/icofom.mini.icom.museum\/fr\/wp-json\/wp\/v2\/posts\/6683\/revisions\/6862"}],"wp:featuredmedia":[{"embeddable":true,"href":"https:\/\/icofom.mini.icom.museum\/fr\/wp-json\/wp\/v2\/media\/6674"}],"wp:attachment":[{"href":"https:\/\/icofom.mini.icom.museum\/fr\/wp-json\/wp\/v2\/media?parent=6683"}],"wp:term":[{"taxonomy":"category","embeddable":true,"href":"https:\/\/icofom.mini.icom.museum\/fr\/wp-json\/wp\/v2\/categories?post=6683"},{"taxonomy":"post_tag","embeddable":true,"href":"https:\/\/icofom.mini.icom.museum\/fr\/wp-json\/wp\/v2\/tags?post=6683"},{"taxonomy":"yst_prominent_words","embeddable":true,"href":"https:\/\/icofom.mini.icom.museum\/fr\/wp-json\/wp\/v2\/yst_prominent_words?post=6683"}],"curies":[{"name":"wp","href":"https:\/\/api.w.org\/{rel}","templated":true}]}}