{"id":7406,"date":"2024-06-11T20:10:48","date_gmt":"2024-06-11T18:10:48","guid":{"rendered":"https:\/\/icofom.mini.icom.museum\/?p=7406"},"modified":"2024-07-27T11:46:56","modified_gmt":"2024-07-27T09:46:56","slug":"appel-a-contributions-lavenir-des-musees-et-des-pratiques-museologiques-pratiques-museologiques-dans-un-monde-en-mutation-doha-qatar-1-3-dec-2024","status":"publish","type":"post","link":"https:\/\/icofom.mini.icom.museum\/fr\/appel-a-contributions-lavenir-des-musees-et-des-pratiques-museologiques-pratiques-museologiques-dans-un-monde-en-mutation-doha-qatar-1-3-dec-2024\/","title":{"rendered":"Appel \u00e0 contributions : L&#8217;AVENIR DES MUS\u00c9ES ET DES PRATIQUES MUS\u00c9OLOGIQUES PRATIQUES MUS\u00c9OLOGIQUES DANS UN MONDE EN MUTATION DOHA, QATAR 1-3 DEC 2024"},"content":{"rendered":"<p><img decoding=\"async\" loading=\"lazy\" class=\"aligncenter size-large wp-image-7400\" src=\"https:\/\/icofom.mini.icom.museum\/wp-content\/uploads\/sites\/18\/2024\/06\/Untitled-7-6-1024x1024.png\" alt=\"\" width=\"1024\" height=\"1024\" srcset=\"https:\/\/icofom.mini.icom.museum\/wp-content\/uploads\/sites\/18\/2024\/06\/Untitled-7-6-1024x1024.png 1024w, https:\/\/icofom.mini.icom.museum\/wp-content\/uploads\/sites\/18\/2024\/06\/Untitled-7-6-300x300.png 300w, https:\/\/icofom.mini.icom.museum\/wp-content\/uploads\/sites\/18\/2024\/06\/Untitled-7-6-150x150.png 150w, https:\/\/icofom.mini.icom.museum\/wp-content\/uploads\/sites\/18\/2024\/06\/Untitled-7-6-768x768.png 768w, https:\/\/icofom.mini.icom.museum\/wp-content\/uploads\/sites\/18\/2024\/06\/Untitled-7-6.png 1080w\" sizes=\"(max-width: 1024px) 100vw, 1024px\" \/><\/p>\n<p>Qatar Museums, le comit\u00e9 national du Conseil international des mus\u00e9es (ICOM) pour le Qatar, et l&#8217;Alliance r\u00e9gionale arabe de l&#8217;ICOM, en collaboration avec le Comit\u00e9 international de mus\u00e9ologie (ICOFOM), ont le plaisir de solliciter des propositions d&#8217;articles et d&#8217;ateliers pour une conf\u00e9rence hybride (en personne et en ligne) sur le th\u00e8me g\u00e9n\u00e9ral de l&#8217;avenir des mus\u00e9es et des pratiques de mus\u00e9ologie dans un monde en mutation, qui se tiendra du 1er au 3 d\u00e9cembre 2024 \u00e0 Doha, au Qatar.<\/p>\n<p>La conf\u00e9rence est propos\u00e9e \u00e0 un moment de crise et d&#8217;agitation mondiales, mais malgr\u00e9 ces d\u00e9fis internationaux communs et ces obstacles diplomatiques, ce qui nous unit au sein de la communaut\u00e9 mondiale des mus\u00e9es, c&#8217;est le d\u00e9sir commun de sauvegarder notre patrimoine et de construire un avenir meilleur pour notre monde et nos jeunes, ind\u00e9pendamment des perspectives politiques ou sociales. L&#8217;un des principaux objectifs de la conf\u00e9rence est de souligner que les jeunes ne repr\u00e9sentent pas seulement l&#8217;avenir de nos communaut\u00e9s et de nos pays, mais qu&#8217;ils doivent \u00eatre impliqu\u00e9s dans les discussions et les processus de prise de d\u00e9cision sur la mani\u00e8re de r\u00e9soudre les probl\u00e8mes d&#8217;aujourd&#8217;hui et les pr\u00e9occupations de demain. Les jeunes du monde entier s&#8217;inqui\u00e8tent \u00e0 juste titre de l&#8217;impact du changement climatique et de la lenteur des progr\u00e8s r\u00e9alis\u00e9s pour acc\u00e9l\u00e9rer la transition vers un avenir durable, comme en t\u00e9moignent le mouvement \u00ab Fridays for Future \u00bb, les jeunes leaders mondiaux et, plus r\u00e9cemment, l&#8217;appel \u00e0 l&#8217;action lanc\u00e9 aux professionnels des mus\u00e9es lors de la 26e conf\u00e9rence g\u00e9n\u00e9rale de l&#8217;ICOM \u00e0 Prague, en R\u00e9publique tch\u00e8que. Il est n\u00e9cessaire d&#8217;impliquer davantage les jeunes professionnels et les jeunes en g\u00e9n\u00e9ral pour qu&#8217;ils deviennent des agents du changement dans les mus\u00e9es, en soulignant le r\u00f4le que les mus\u00e9es peuvent jouer pour faire face \u00e0 l&#8217;urgence climatique et \u00e0 la diversit\u00e9 des r\u00e9cits. En donnant aux mus\u00e9es de la r\u00e9gion arabe les moyens de mener la transition vers la durabilit\u00e9, la conf\u00e9rence offrira une plateforme pour discuter des pratiques mus\u00e9ologiques dans la r\u00e9gion et influencer le changement \u00e0 l&#8217;\u00e9chelle mondiale.<\/p>\n<p>Dans ce cadre, il est essentiel d&#8217;\u00e9largir, d&#8217;approfondir et d&#8217;intensifier les discussions sur la mus\u00e9ologie, sur la mani\u00e8re dont nous conservons les \u0153uvres et sur la mani\u00e8re dont nous examinons et enseignons la mus\u00e9ologie dans nos universit\u00e9s et dans le secteur de l&#8217;\u00e9ducation. L&#8217;adaptation, l&#8217;innovation et la r\u00e9ponse aux demandes de publics changeants n\u00e9cessiteront de nouvelles recherches et l&#8217;exploration de questions cruciales, notamment l&#8217;utilisation de nouvelles technologies telles que l&#8217;intelligence artificielle, la co-curation, l&#8217;\u00e9quilibre entre les perspectives historiques et les compr\u00e9hensions sociologiques, et le partage des connaissances interg\u00e9n\u00e9rationnelles, parmi d&#8217;autres lectures culturelles historiques et contemporaines et la pr\u00e9servation \u00e0 l&#8217;\u00e9chelle mondiale. Ce rassemblement au Qatar vise \u00e0 promouvoir un secteur mus\u00e9al durable dans un monde en mutation, en mettant en \u00e9vidence les d\u00e9fis et les solutions partag\u00e9s dans la r\u00e9gion arabe et au-del\u00e0. La conf\u00e9rence cherche \u00e0 mieux pr\u00e9parer les mus\u00e9es \u00e0 un avenir durable partag\u00e9 bas\u00e9 sur l&#8217;Agenda 2030 des Nations unies et les Objectifs de d\u00e9veloppement durable (ODD).<\/p>\n<p>Les propositions peuvent \u00eatre soumises en anglais ou en arabe via https:\/\/bit.ly\/dohamuseumconference2024<\/p>\n<p><strong>Date limite prolong\u00e9e jusqu&#8217;au 15 ao\u00fbt.<\/strong><\/p>\n<p>Si vous avez des questions ou souhaitez obtenir de plus amples informations, veuillez contacter le comit\u00e9 d&#8217;organisation via dohaicofom@gmail.com. Pour la logistique de la conf\u00e9rence et de plus amples informations, veuillez envoyer un courriel \u00e0 icofomdoha24@icom.org.qa.<\/p>\n<p><a href=\"https:\/\/icofom.mini.icom.museum\/wp-content\/uploads\/sites\/18\/2024\/06\/Doha_CFP_English_June24.pdf\">Lire l&#8217;appel \u00e0 contributions complet ici (anglais)<\/a><\/p>\n<p><a href=\"https:\/\/icofom.mini.icom.museum\/wp-content\/uploads\/sites\/18\/2024\/06\/Doha_CFP_Arabic_June24.pdf\">ou Lisez-le ici en arabe<\/a><\/p>\n<p>&nbsp;<\/p>\n<p>&nbsp;<\/p>\n","protected":false},"excerpt":{"rendered":"<p>Qatar Museums, le comit\u00e9 national du Conseil international des mus\u00e9es (ICOM) pour le Qatar, et l&#8217;Alliance r\u00e9gionale arabe de l&#8217;ICOM, en collaboration avec le Comit\u00e9 international de mus\u00e9ologie (ICOFOM), ont le plaisir de solliciter des propositions d&#8217;articles et d&#8217;ateliers pour une conf\u00e9rence hybride (en personne et en ligne) sur le th\u00e8me g\u00e9n\u00e9ral de l&#8217;avenir des [&hellip;]<\/p>\n","protected":false},"author":105,"featured_media":7400,"comment_status":"open","ping_status":"open","sticky":false,"template":"","format":"standard","meta":{"footnotes":""},"categories":[17],"tags":[],"yst_prominent_words":[2216,78,1933,2731,2107,2109],"acf":[],"_links":{"self":[{"href":"https:\/\/icofom.mini.icom.museum\/fr\/wp-json\/wp\/v2\/posts\/7406"}],"collection":[{"href":"https:\/\/icofom.mini.icom.museum\/fr\/wp-json\/wp\/v2\/posts"}],"about":[{"href":"https:\/\/icofom.mini.icom.museum\/fr\/wp-json\/wp\/v2\/types\/post"}],"author":[{"embeddable":true,"href":"https:\/\/icofom.mini.icom.museum\/fr\/wp-json\/wp\/v2\/users\/105"}],"replies":[{"embeddable":true,"href":"https:\/\/icofom.mini.icom.museum\/fr\/wp-json\/wp\/v2\/comments?post=7406"}],"version-history":[{"count":4,"href":"https:\/\/icofom.mini.icom.museum\/fr\/wp-json\/wp\/v2\/posts\/7406\/revisions"}],"predecessor-version":[{"id":7496,"href":"https:\/\/icofom.mini.icom.museum\/fr\/wp-json\/wp\/v2\/posts\/7406\/revisions\/7496"}],"wp:featuredmedia":[{"embeddable":true,"href":"https:\/\/icofom.mini.icom.museum\/fr\/wp-json\/wp\/v2\/media\/7400"}],"wp:attachment":[{"href":"https:\/\/icofom.mini.icom.museum\/fr\/wp-json\/wp\/v2\/media?parent=7406"}],"wp:term":[{"taxonomy":"category","embeddable":true,"href":"https:\/\/icofom.mini.icom.museum\/fr\/wp-json\/wp\/v2\/categories?post=7406"},{"taxonomy":"post_tag","embeddable":true,"href":"https:\/\/icofom.mini.icom.museum\/fr\/wp-json\/wp\/v2\/tags?post=7406"},{"taxonomy":"yst_prominent_words","embeddable":true,"href":"https:\/\/icofom.mini.icom.museum\/fr\/wp-json\/wp\/v2\/yst_prominent_words?post=7406"}],"curies":[{"name":"wp","href":"https:\/\/api.w.org\/{rel}","templated":true}]}}