{"id":8243,"date":"2025-10-14T15:34:44","date_gmt":"2025-10-14T13:34:44","guid":{"rendered":"https:\/\/icofom.mini.icom.museum\/?p=8243"},"modified":"2025-10-25T15:45:02","modified_gmt":"2025-10-25T13:45:02","slug":"election-du-conseil-icofom-2025-candidats-francais","status":"publish","type":"post","link":"https:\/\/icofom.mini.icom.museum\/fr\/election-du-conseil-icofom-2025-candidats-francais\/","title":{"rendered":"\u00c9lection du Conseil ICOFOM 2025 \u2014 Candidats"},"content":{"rendered":"<p>Pour afficher les descriptions en anglais ou en espagnol, changez la langue de la page ci-dessus.<\/p>\n<p><strong>Avis de traduction :<\/strong> Cette page utilise une traduction assist\u00e9e par IA. Une relecture professionnelle n\u2019a pas \u00e9t\u00e9 possible en raison de contraintes de temps et de ressources. En cas de divergence, les soumissions originales des candidat\u00b7e\u00b7s font foi.<\/p>\n<p><strong>Candidate \u00e0 la pr\u00e9sidence :<\/strong><\/p>\n<p style=\"font-weight: 400;\"><strong>Marion Bertin <\/strong><\/p>\n<p style=\"font-weight: 400;\"><strong><img decoding=\"async\" loading=\"lazy\" class=\"alignleft size-medium wp-image-8287\" src=\"https:\/\/icofom.mini.icom.museum\/wp-content\/uploads\/sites\/18\/2025\/10\/Screenshot-2025-10-21-at-00.06.35-209x300.png\" alt=\"\" width=\"209\" height=\"300\" srcset=\"https:\/\/icofom.mini.icom.museum\/wp-content\/uploads\/sites\/18\/2025\/10\/Screenshot-2025-10-21-at-00.06.35-209x300.png 209w, https:\/\/icofom.mini.icom.museum\/wp-content\/uploads\/sites\/18\/2025\/10\/Screenshot-2025-10-21-at-00.06.35-712x1024.png 712w, https:\/\/icofom.mini.icom.museum\/wp-content\/uploads\/sites\/18\/2025\/10\/Screenshot-2025-10-21-at-00.06.35-768x1104.png 768w, https:\/\/icofom.mini.icom.museum\/wp-content\/uploads\/sites\/18\/2025\/10\/Screenshot-2025-10-21-at-00.06.35.png 846w\" sizes=\"(max-width: 209px) 100vw, 209px\" \/>Candidature Pr\u00e9sidence de l\u2019ICOFOM<\/strong><\/p>\n<p style=\"font-weight: 400;\">Active au sein de l\u2019ICOFOM depuis 2017, je souhaite porter ma candidature \u00e0 la pr\u00e9sidence de ce comit\u00e9 pour le mandat 2025-2028. Mus\u00e9ologue, professionnelle de mus\u00e9es et enseignante de nationalit\u00e9 fran\u00e7aise, je suis actuellement chercheuse post-doctorante \u00e0 l\u2019Universit\u00e9 catholique de Louvain (Belgique). Mes recherches portent sur les collections li\u00e9es \u00e0 l\u2019histoire coloniale, \u00e0 la mus\u00e9ologie d\u00e9coloniale et aux mus\u00e9ologies en Oc\u00e9anie et en Afrique. J\u2019ai men\u00e9 plusieurs recherches de provenances autour de collections et collabor\u00e9 avec de nombreux mus\u00e9es en Europe et en Oc\u00e9anie, dont le mus\u00e9e de Nouvelle-Cal\u00e9donie, le mus\u00e9e L \u00e0 Louvain-la-Neuve, le mus\u00e9e national Picasso-Paris, le mus\u00e9um d\u2019histoire naturelle de Toulouse ou encore le mus\u00e9e des Arts africains, oc\u00e9aniens et am\u00e9ricains de Marseille.<\/p>\n<p style=\"font-weight: 400;\">Mon engagement au sein de l\u2019ICOFOM a d\u00e9but\u00e9 en 2017 par un renfort b\u00e9n\u00e9vole aupr\u00e8s du secr\u00e9tariat, afin d\u2019assurer le contact avec les membres et la pr\u00e9paration des symposiums annuels. Par la suite, j\u2019ai \u00e9t\u00e9 \u00e9lue lors de deux mandats cons\u00e9cutifs comme secr\u00e9taire (2019-2022), puis en tant que co-vice-pr\u00e9sidente (2022-2025). Lors de ces deux mandats, j\u2019ai particip\u00e9 aux diff\u00e9rentes activit\u00e9s du comit\u00e9 : organisation des conf\u00e9rences et des partenariats institutionnels internes et externes, publications, communication, participation aux projets sp\u00e9ciaux, ainsi qu\u2019aux discussions de l\u2019ICOM sur la d\u00e9finition du mus\u00e9e et sur le code de d\u00e9ontologie. Cette exp\u00e9rience me permet d\u2019avoir une bonne connaissance des structures internes et du fonctionnement de l\u2019ICOM.<\/p>\n<p style=\"font-weight: 400;\">En tant que pr\u00e9sidente, j\u2019aimerais interroger ce qui fait la mus\u00e9ologie aujourd\u2019hui, dans une perspective r\u00e9solument inter- et transnationale. Une telle r\u00e9flexion est essentielle, \u00e0 l\u2019heure o\u00f9 les mus\u00e9es se repensent en Europe &#8211; en lien avec la crise climatique, les h\u00e9ritages coloniaux et les enjeux d\u2019inclusion \u2013 et que de nouveaux mus\u00e9es voient le jour en Asie, dans le Golfe ou en Afrique, faisant de ces r\u00e9gions des laboratoires d\u2019innovations mus\u00e9ales. D\u2019un point de vue th\u00e9orique, il semble important de comprendre les impacts de la nouvelle d\u00e9finition du mus\u00e9e sur le plan de la mus\u00e9ologie, ainsi que d\u2019\u00e9tudier l\u2019impl\u00e9mentation du nouveau code de d\u00e9ontologie. Penser le mus\u00e9e comme un lieu de contestations et de revendications sera \u00e9galement un fil conducteur de ma r\u00e9flexion.<\/p>\n<p style=\"font-weight: 400;\">En outre, je souhaite inscrire ma candidature dans la poursuite des mandats et des r\u00e9flexions port\u00e9es par mes pr\u00e9c\u00e9desseur.se.s avec qui j\u2019ai longuement collabor\u00e9 : Fran\u00e7ois Mairesse, Bruno Brulon Soares et Karen Brown. La d\u00e9colonisation, les enjeux de pouvoirs, l\u2019inscription sociale des mus\u00e9es, les mus\u00e9ologies insulaires, la mus\u00e9ologie environnementale, les collections sensibles forment des th\u00e8mes dont l\u2019\u00e9tude sera poursuivie. Il s\u2019agira aussi d\u2019\u00e9tendre l\u2019\u00e9tude de territoires encore peu connus dans le champ de la mus\u00e9ologie th\u00e9orique, qu\u2019ils s\u2019agissent de textes th\u00e9oriques historiques marquants ou de textes plus r\u00e9cemment publi\u00e9s permettant de comprendre le d\u00e9veloppement des mus\u00e9es dans certaines r\u00e9gions du monde. La diffusion, la traduction de textes et le plurilinguisme seront en ce sens importants, dans la lign\u00e9e du travail entrepris pour la mus\u00e9ologie d\u2019Am\u00e9rique latine et des Cara\u00efbes.<\/p>\n<p style=\"font-weight: 400;\">Par ailleurs, lors de mon mandat, je souhaiterais encourager la participation de jeunes professionnel.le.s de mus\u00e9e et de jeunes mus\u00e9ologues aux discussions et aux activit\u00e9s de notre comit\u00e9. En particulier, j\u2019\u00e9mets le souhait de pouvoir impliquer davantage nos coll\u00e8gues africains, oc\u00e9aniens et du Golfe, alors que de nombreux mus\u00e9es voient le jour dans ces r\u00e9gions. Cette implication pourrait voir le jour par l\u2019organisation de conf\u00e9rences annuelles, d\u2019ateliers ou la mise en place de projets sp\u00e9ciaux financ\u00e9s par le SAREC. Les dimensions de circulations et de transferts de savoirs, d\u2019expertises et de concepts mus\u00e9ologiques et mus\u00e9aux \u00e0 travers le monde \u00e0 la faveur des formations et des constructions de nouveaux mus\u00e9es seront tout particuli\u00e8rement \u00e9tudi\u00e9es.\u00a0 Renforcer les liens entre mus\u00e9e et recherche universitaire est \u00e9galement essentiel, \u00e0 l\u2019heure o\u00f9 de nombreux mus\u00e9es int\u00e8grent des instituts de recherche consacr\u00e9s \u00e0 la mus\u00e9ologie. L\u2019une des questions sera ainsi : qui d\u00e9finit la mus\u00e9ologie d\u2019aujourd\u2019hui et de demain ? Enfin, il s\u2019agira de mieux appr\u00e9hender \u00e0 quoi ressemble le secteur professionnel (et b\u00e9n\u00e9vole) de la mus\u00e9ologie.<\/p>\n<p style=\"font-weight: 400;\">Je souhaite ainsi que cette \u00e9lection permette \u00e0 l\u2019ICOFOM et \u00e0 ses membres de poursuivre l\u2019important travail de fond engag\u00e9 au sein de l\u2019ICOM pour la mise en valeur des th\u00e9ories mus\u00e9ales, tout en renfor\u00e7ant les partenariats avec des comit\u00e9s nationaux et internationaux.<\/p>\n<p>&nbsp;<\/p>\n<p style=\"font-weight: 400;\"><strong>Candidatures aux postes de vice-pr\u00e9sidents :<\/strong><\/p>\n<p style=\"font-weight: 400;\"><strong>Didier Marcel Hou\u00e9noud\u00e9<\/strong><\/p>\n<p style=\"font-weight: 400;\"><img decoding=\"async\" loading=\"lazy\" class=\"alignleft size-medium wp-image-8257\" src=\"https:\/\/icofom.mini.icom.museum\/wp-content\/uploads\/sites\/18\/2025\/10\/Didier-300x300.jpg\" alt=\"\" width=\"300\" height=\"300\" srcset=\"https:\/\/icofom.mini.icom.museum\/wp-content\/uploads\/sites\/18\/2025\/10\/Didier-300x300.jpg 300w, https:\/\/icofom.mini.icom.museum\/wp-content\/uploads\/sites\/18\/2025\/10\/Didier-150x150.jpg 150w, https:\/\/icofom.mini.icom.museum\/wp-content\/uploads\/sites\/18\/2025\/10\/Didier.jpg 479w\" sizes=\"(max-width: 300px) 100vw, 300px\" \/>Professeur d&#8217;histoire de l&#8217;art, Universit\u00e9 d&#8217;Abomey-Calavi (B\u00e9nin) \/ Chercheur associ\u00e9 et directeur adjoint par int\u00e9rim des Collections ethnographiques nationales de Saxe<\/p>\n<p style=\"font-weight: 400;\">Je pr\u00e9sente ma candidature au poste de vice-pr\u00e9sident du Comit\u00e9 international de mus\u00e9ologie (ICOFOM) avec le d\u00e9sir de contribuer activement au d\u00e9veloppement strat\u00e9gique de notre comit\u00e9, \u00e0 la promotion de la mus\u00e9ologie et \u00e0 la mise en r\u00e9seau des institutions mus\u00e9ales \u00e0 travers le monde.<\/p>\n<p style=\"font-weight: 400;\">En tant qu&#8217;historien de l&#8217;art et enseignant-chercheur, j&#8217;ai consacr\u00e9 ma carri\u00e8re \u00e0 l&#8217;\u00e9tude, \u00e0 l&#8217;enseignement et \u00e0 la promotion du patrimoine mat\u00e9riel et immat\u00e9riel (Universit\u00e9 d&#8217;Abomey-Calavi au B\u00e9nin, Collections ethnographiques nationales de Saxe en Allemagne). Ma carri\u00e8re m&#8217;a amen\u00e9 \u00e0 collaborer avec des mus\u00e9es nationaux et internationaux, \u00e0 organiser et \u00e0 participer \u00e0 de nombreuses conf\u00e9rences scientifiques, et \u00e0 publier plusieurs ouvrages de r\u00e9f\u00e9rence sur l&#8217;histoire de l&#8217;art, le patrimoine et la mus\u00e9ologie. Cette exp\u00e9rience m&#8217;a permis d&#8217;acqu\u00e9rir une compr\u00e9hension approfondie des d\u00e9fis auxquels sont confront\u00e9s les mus\u00e9es, qu&#8217;il s&#8217;agisse de restitution, d&#8217;inclusion du public, de durabilit\u00e9 ou de transition num\u00e9rique.<\/p>\n<p style=\"font-weight: 400;\"><em>D\u00e9claration de motivation de Didier Marcel<\/em><\/p>\n<p style=\"font-weight: 400;\">Ma vision pour l&#8217;ICOFOM repose sur trois piliers : am\u00e9liorer la visibilit\u00e9 des mus\u00e9es, en particulier des mus\u00e9es africains, et de la recherche mus\u00e9ologique ; promouvoir la collaboration intercontinentale ; et soutenir le d\u00e9veloppement d&#8217;\u00e9v\u00e9nements scientifiques innovants et inclusifs.<\/p>\n<p style=\"font-weight: 400;\">Afin d&#8217;accro\u00eetre la visibilit\u00e9, je propose de renforcer la communication gr\u00e2ce \u00e0 une plateforme num\u00e9rique collaborative, une s\u00e9rie de webinaires th\u00e9matiques et l&#8217;am\u00e9lioration de la newsletter trimestrielle. Ces outils permettront une plus large diffusion des id\u00e9es mus\u00e9ologiques et consolideront la place de l&#8217;ICOFOM dans le d\u00e9bat international.<\/p>\n<p style=\"font-weight: 400;\">En mati\u00e8re de collaboration, je souhaite d\u00e9velopper des programmes de jumelage et de r\u00e9sidence entre les mus\u00e9es d&#8217;Afrique, d&#8217;Europe, d&#8217;Asie, d&#8217;Oc\u00e9anie et des Am\u00e9riques, encourager la traduction multilingue des publications et soutenir la cr\u00e9ation d&#8217;un fonds de mobilit\u00e9 pour les jeunes chercheurs et professionnels afin de favoriser la circulation des connaissances et l&#8217;acc\u00e8s \u00e9quitable aux opportunit\u00e9s.<\/p>\n<p style=\"font-weight: 400;\">En ce qui concerne les conf\u00e9rences, je mettrai mon exp\u00e9rience au service de l&#8217;organisation de congr\u00e8s et plaiderai en faveur de la tenue r\u00e9guli\u00e8re de conf\u00e9rences r\u00e9gionales d\u00e9centralis\u00e9es, associ\u00e9es \u00e0 des \u00e9coles doctorales itin\u00e9rantes. Ces initiatives permettront d&#8217;int\u00e9grer davantage la diversit\u00e9 des r\u00e9alit\u00e9s mus\u00e9ales dans la r\u00e9flexion collective.<\/p>\n<p style=\"font-weight: 400;\">Ces projets s&#8217;inscrivent dans une d\u00e9marche de partenariat et de financement, en collaboration avec le SAREC, l&#8217;UNESCO, l&#8217;Union europ\u00e9enne et d&#8217;autres institutions. Je propose \u00e9galement la cr\u00e9ation d&#8217;un observatoire des innovations mus\u00e9ales afin de documenter et d&#8217;analyser les pratiques \u00e9mergentes.<\/p>\n<p style=\"font-weight: 400;\">En tant que vice-pr\u00e9sident, je travaillerai en \u00e9troite collaboration avec la pr\u00e9sidence, en apportant un soutien strat\u00e9gique et op\u00e9rationnel (suivi des projets, financement, repr\u00e9sentation internationale). Fort de mes solides racines universitaires en Afrique, je soutiendrai la participation accrue de coll\u00e8gues d&#8217;Afrique, d&#8217;Oc\u00e9anie et du Golfe, tout en contribuant \u00e0 la visibilit\u00e9 et \u00e0 la diffusion des connaissances.<\/p>\n<p style=\"font-weight: 400;\">Je souhaite mettre mon exp\u00e9rience, ma rigueur et mon engagement au service de l&#8217;ICOFOM, afin d&#8217;en faire une plateforme mondiale de recherche, de dialogue et d&#8217;exp\u00e9rimentation mus\u00e9ologique, au service de la coop\u00e9ration entre les mus\u00e9es et les professionnels du patrimoine.<\/p>\n<p>&nbsp;<\/p>\n<p style=\"font-weight: 400;\"><strong>Melissa Aguilar (Costa Rica)<\/strong><\/p>\n<p style=\"font-weight: 400;\"><img decoding=\"async\" loading=\"lazy\" class=\"alignleft size-medium wp-image-8278\" src=\"https:\/\/icofom.mini.icom.museum\/wp-content\/uploads\/sites\/18\/2025\/10\/melissa-227x300.png\" alt=\"\" width=\"227\" height=\"300\" srcset=\"https:\/\/icofom.mini.icom.museum\/wp-content\/uploads\/sites\/18\/2025\/10\/melissa-227x300.png 227w, https:\/\/icofom.mini.icom.museum\/wp-content\/uploads\/sites\/18\/2025\/10\/melissa-774x1024.png 774w, https:\/\/icofom.mini.icom.museum\/wp-content\/uploads\/sites\/18\/2025\/10\/melissa-768x1016.png 768w, https:\/\/icofom.mini.icom.museum\/wp-content\/uploads\/sites\/18\/2025\/10\/melissa.png 842w\" sizes=\"(max-width: 227px) 100vw, 227px\" \/>Designeuse, chercheuse et artiste visuelle<\/p>\n<p style=\"font-weight: 400;\">Melissa Aguilar Rojas (Costa Rica) est titulaire d\u2019une ma\u00eetrise en design de communication visuelle de l\u2019Universit\u00e9 nationale autonome du Mexique (UNAM), Facult\u00e9 d\u2019art et de design. Ses int\u00e9r\u00eats de recherche portent sur la mus\u00e9ologie exp\u00e9rimentale et l\u2019intersection entre l\u2019art et la technologie dans une perspective critique, comme en t\u00e9moigne son projet de ma\u00eetrise intitul\u00e9 L\u2019exp\u00e9rience immersive dans l\u2019environnement d\u2019exposition.<\/p>\n<p style=\"font-weight: 400;\">Membre individuelle de l\u2019ICOM depuis 2016, Melissa contribue activement \u00e0 divers comit\u00e9s dans diff\u00e9rentes fonctions. Au sein de l\u2019ICOFOM, elle est membre ordinaire du conseil d\u2019administration et copr\u00e9sidente du groupe de travail sur le site web pour la p\u00e9riode 2023\u20132025. Elle fait actuellement partie de l\u2019\u00e9quipe de communication de l\u2019ICOFOM. De plus, elle a \u00e9t\u00e9 graphiste et coordinatrice des r\u00e9seaux sociaux de l\u2019ICOM LAC de novembre 2022 \u00e0 mai 2023, et elle est actuellement secr\u00e9taire de l\u2019ICOM Costa Rica.<\/p>\n<p style=\"font-weight: 400;\">Sur le plan acad\u00e9mique, elle a pr\u00e9sent\u00e9 ses recherches sur les pratiques mus\u00e9ologiques immersives lors de la session de l\u2019ICOFOM sur Mus\u00e9ologie et technologie \u00e0 la Conf\u00e9rence internationale de Kyoto en 2019, avec son article \u00ab Mus\u00e9ologie exp\u00e9rimentale : vers une m\u00e9thode pratique \u00bb (publi\u00e9 dans la s\u00e9rie ICOFOM Study Series 48-01).<\/p>\n<p style=\"font-weight: 400;\">En ce qui concerne le design graphique et la communication visuelle, elle a con\u00e7u du mat\u00e9riel promotionnel, des brochures, des couvertures de livres et des identit\u00e9s visuelles pour divers comit\u00e9s et \u00e9v\u00e9nements de l\u2019ICOM. En tant que graphiste de plusieurs num\u00e9ros de la ICOFOM Study Series (vol. 50, n\u00b0 2 (2023) ; vol. 51, nos 1\u20132 (2023) ; vol. 52-1 (2024) ; vol. 52-2 (2024) ; vol. 53-1-2 (2025)), \u00e9dit\u00e9s par Elizabeth Weiser, elle a introduit une nouvelle approche visuelle \u00e0 travers des couvertures illustr\u00e9es. Parmi ses autres contributions majeures figurent des travaux sur les publications Materiales para un debate : Museolog\u00edas insulares transnacionales (2024) et Historia de la museolog\u00eda en Am\u00e9rica Latina y el Caribe : Colecciones fundamentales (2024). Elle a \u00e9galement con\u00e7u les brochures et supports promotionnels des r\u00e9unions d\u2019ICOFOM LAC, notamment la 31\u1d49 r\u00e9union (Recife, Br\u00e9sil, 2023) sur Les histoires de la mus\u00e9ologie en Am\u00e9rique latine et dans les Cara\u00efbes, et la 30\u1d49 r\u00e9union (Barbade, 2022) sur La mus\u00e9ologie multivocale en Am\u00e9rique latine et dans les Cara\u00efbes depuis la Table ronde de Santiago de 1972.<\/p>\n<p style=\"font-weight: 400;\"><em>R\u00f4le au sein de l\u2019ICOFOM : Copr\u00e9sidente (vice-pr\u00e9sidente)<\/em><\/p>\n<p style=\"font-weight: 400;\">Je serai ravie de continuer \u00e0 contribuer \u00e0 la mission de l\u2019ICOFOM, cette fois en tant que copr\u00e9sidente, en soutenant le nouveau conseil d\u2019administration dans l\u2019avancement de notre vision strat\u00e9gique pour le champ mus\u00e9ologique et la communaut\u00e9 mus\u00e9ale en g\u00e9n\u00e9ral. Mon exp\u00e9rience en tant que membre du conseil d\u2019administration (2023\u20132025) a \u00e9t\u00e9 un processus d\u2019apprentissage inestimable, qui a approfondi ma compr\u00e9hension de la structure, de l\u2019histoire et de la pertinence actuelle de l\u2019ICOFOM en tant que refuge culturel et acad\u00e9mique pour le paysage mus\u00e9ologique international.<\/p>\n<p style=\"font-weight: 400;\">Cr\u00e9er des passerelles entre la recherche acad\u00e9mique et la pratique cr\u00e9ative est au c\u0153ur de mon approche professionnelle, et l\u2019ICOFOM a constitu\u00e9 la plateforme id\u00e9ale pour mettre en \u0153uvre ces deux dimensions, comme en t\u00e9moignent mes contributions graphiques et visuelles tout au long de mon mandat actuel.<\/p>\n<p style=\"font-weight: 400;\">Pour la prochaine p\u00e9riode, j\u2019envisage mon r\u00f4le comme celui d\u2019une tisserande : renforcer les alliances et encourager des projets collaboratifs avec d\u2019autres comit\u00e9s de l\u2019ICOM, notamment l\u2019ICOFOM LAC et les comit\u00e9s internationaux latino-am\u00e9ricains, SOMUS et les alliances r\u00e9gionales.<\/p>\n<p style=\"font-weight: 400;\">En tant que copr\u00e9sidente, mon objectif est d\u2019assumer une responsabilit\u00e9 accrue dans l\u2019organisation, la n\u00e9gociation et le soutien \u00e0 la planification strat\u00e9gique, tout en continuant \u00e0 mettre \u00e0 profit mon exp\u00e9rience en design et communication pour la strat\u00e9gie de communication de l\u2019ICOFOM. Je suis pr\u00eate \u00e0 repr\u00e9senter l\u2019ICOFOM lorsque cela sera n\u00e9cessaire et \u00e0 participer activement \u00e0 la planification et \u00e0 la coordination de nos conf\u00e9rences, r\u00e9unions et autres \u00e9v\u00e9nements.<\/p>\n<p style=\"font-weight: 400;\">J\u2019apporte \u00e0 cette fonction un fort sens de la conscience collective, la capacit\u00e9 d\u2019aborder les d\u00e9fis avec une pens\u00e9e critique et une attention m\u00e9ticuleuse aux d\u00e9tails qui nourrit mon exigence d\u2019excellence.<\/p>\n<p style=\"font-weight: 400;\">Par-dessus tout, je souhaite honorer la confiance qui m\u2019a \u00e9t\u00e9 accord\u00e9e lors de mon premier mandat, en travaillant aux c\u00f4t\u00e9s de coll\u00e8gues dont le professionnalisme et la d\u00e9votion m\u2019inspirent. Je m\u2019engage \u00e0 mettre ma cr\u00e9ativit\u00e9, mes comp\u00e9tences organisationnelles et ma perspective interculturelle au service de l\u2019ICOFOM pour renforcer son r\u00f4le de leader dans la pens\u00e9e et la pratique mus\u00e9ologiques durant la p\u00e9riode 2025\u20132028.<\/p>\n<p style=\"font-weight: 400;\">Groupes de travail et comp\u00e9tences apport\u00e9es<\/p>\n<p style=\"font-weight: 400;\">(1) Groupe de travail sur la communication<\/p>\n<ul>\n<li style=\"font-weight: 400;\">Renforcement de la diffusion sur les plateformes de r\u00e9seaux sociaux.<\/li>\n<li style=\"font-weight: 400;\">Promotion d\u2019une communication efficace et multilingue.<\/li>\n<li style=\"font-weight: 400;\">Mise \u00e0 jour du contenu du site web (en lien avec le groupe de travail sur la r\u00e9vision du site).<\/li>\n<li style=\"font-weight: 400;\">Traduction et relecture en espagnol.<\/li>\n<\/ul>\n<p style=\"font-weight: 400;\">(2) Groupe de travail sur la r\u00e9vision du site web<\/p>\n<ul>\n<li style=\"font-weight: 400;\">R\u00e9vision et optimisation continues des pages existantes.<\/li>\n<li style=\"font-weight: 400;\">Mise \u00e0 jour et maintenance de la section actualit\u00e9s.<\/li>\n<li style=\"font-weight: 400;\">Cr\u00e9ation de nouvelles pages et archivage de contenus.<\/li>\n<li style=\"font-weight: 400;\">Soutien aux traductions dans les trois langues officielles de l\u2019ICOM.<\/li>\n<\/ul>\n<p style=\"font-weight: 400;\">(3) Groupe de travail sur les publications<\/p>\n<ul>\n<li style=\"font-weight: 400;\">Solide exp\u00e9rience dans la conception de livres, revues, catalogues et ouvrages d\u2019art.<\/li>\n<li style=\"font-weight: 400;\">Design graphique pour les publications : couvertures, supervision de la mise en page et supports promotionnels.<\/li>\n<li style=\"font-weight: 400;\">Relectures en espagnol lorsque n\u00e9cessaire.<\/li>\n<li style=\"font-weight: 400;\">\u00c9laboration de strat\u00e9gies visuelles pour renforcer l\u2019identit\u00e9 \u00e9ditoriale de l\u2019ICOFOM.<\/li>\n<\/ul>\n<p>&nbsp;<\/p>\n<p style=\"font-weight: 400;\"><strong>Candidat au poste de secr\u00e9taire :<\/strong><strong>\u00a0<\/strong><\/p>\n<p style=\"font-weight: 400;\"><strong><img decoding=\"async\" loading=\"lazy\" class=\"alignleft size-medium wp-image-8275\" src=\"https:\/\/icofom.mini.icom.museum\/wp-content\/uploads\/sites\/18\/2025\/10\/liz-196x300.jpeg\" alt=\"\" width=\"196\" height=\"300\" srcset=\"https:\/\/icofom.mini.icom.museum\/wp-content\/uploads\/sites\/18\/2025\/10\/liz-196x300.jpeg 196w, https:\/\/icofom.mini.icom.museum\/wp-content\/uploads\/sites\/18\/2025\/10\/liz-669x1024.jpeg 669w, https:\/\/icofom.mini.icom.museum\/wp-content\/uploads\/sites\/18\/2025\/10\/liz-768x1176.jpeg 768w, https:\/\/icofom.mini.icom.museum\/wp-content\/uploads\/sites\/18\/2025\/10\/liz-1003x1536.jpeg 1003w, https:\/\/icofom.mini.icom.museum\/wp-content\/uploads\/sites\/18\/2025\/10\/liz.jpeg 1130w\" sizes=\"(max-width: 196px) 100vw, 196px\" \/>Elizabeth Weiser (\u00c9tats-Unis)<\/strong><\/p>\n<p style=\"font-weight: 400;\">Je suis professeure distingu\u00e9e en arts et sciences au d\u00e9partement d\u2019anglais de l\u2019Universit\u00e9 d\u2019\u00c9tat de l\u2019Ohio, aux \u00c9tats-Unis. Je me sp\u00e9cialise en rh\u00e9torique et en mus\u00e9ologie. Parmi mes diverses monographies figure Museum Rhetoric: Building Civic Identity in National Spaces (Rh\u00e9torique mus\u00e9ale : la construction de l\u2019identit\u00e9 civique dans les espaces nationaux), ainsi que quatre anthologies co\u00e9dit\u00e9es et trente-sept articles et chapitres d\u2019ouvrages. Mon projet \u00e9ditorial actuel, Rhetorics of Repair: Museums of Conscience and Civic Healing (Rh\u00e9torique de la r\u00e9paration : mus\u00e9es de la conscience et gu\u00e9rison civique), est en cours de r\u00e9vision chez Routledge. Je suis membre de l\u2019ICOFOM depuis 2012 et ai \u00e9t\u00e9 \u00e9lue \u00e0 deux reprises au Comit\u00e9 ex\u00e9cutif. J\u2019occupe actuellement le poste de r\u00e9dactrice en chef de la s\u00e9rie ICOFOM Study Series ainsi que de l\u2019ensemble des publications d\u2019ICOFOM. J\u2019ai \u00e9galement agi comme \u00e9valuatrice pour une vingtaine de maisons d\u2019\u00e9dition et de revues universitaires. Je d\u00e9tiens un doctorat en rh\u00e9torique et composition, une ma\u00eetrise en \u00e9criture cr\u00e9ative et une ma\u00eetrise en \u00e9ducation internationale.<\/p>\n<p style=\"font-weight: 400;\">Pour la p\u00e9riode 2025\u20132028, j\u2019esp\u00e8re exercer la fonction de secr\u00e9taire de l\u2019ICOFOM. Ma sp\u00e9cialit\u00e9 est la communication, une comp\u00e9tence particuli\u00e8rement utile pour la personne charg\u00e9e de la r\u00e9daction des proc\u00e8s-verbaux. J\u2019ai aussi une exp\u00e9rience pr\u00e9alable au sein de conseils d\u2019administration dans la gestion des listes de membres et la communication avec eux, et je peux m\u2019exprimer en anglais, en fran\u00e7ais et en espagnol, les trois langues officielles de l\u2019ICOM.<\/p>\n<p style=\"font-weight: 400;\">Au-del\u00e0 des fonctions sp\u00e9cifiques, je consid\u00e8re que le poste de secr\u00e9taire me permet de si\u00e9ger au Comit\u00e9 ex\u00e9cutif pour un mandat suppl\u00e9mentaire. Je souhaite continuer \u00e0 \u0153uvrer pour \u00e9largir notre port\u00e9e et notre sensibilit\u00e9 envers le Sud global. Tout au long de ma carri\u00e8re, j\u2019ai enseign\u00e9 sur un campus o\u00f9 la majorit\u00e9 des \u00e9tudiants sont afrodescendants ou m\u00e9tis, issus de milieux modestes et\/ou premiers de leur famille \u00e0 fr\u00e9quenter l\u2019universit\u00e9 ; avant d\u2019entrer dans le milieu acad\u00e9mique, j\u2019ai pass\u00e9 une d\u00e9cennie comme responsable de la communication pour une organisation \u00e9ducative dirig\u00e9e par des Latinos. En raison de ce parcours, je suis particuli\u00e8rement consciente de la n\u00e9cessit\u00e9 d\u2019\u00e9couter une plus grande diversit\u00e9 de voix que celles traditionnellement reconnues dans le monde mus\u00e9al.<\/p>\n<p style=\"font-weight: 400;\">Cette perspective influence \u00e9galement le choix du groupe de travail : je souhaite poursuivre mon r\u00f4le de r\u00e9dactrice en chef de la ICOFOM Study Series. Durant mon mandat actuel de trois ans, nous avons \u00e9tabli des protocoles de soumission, d\u2019\u00e9valuation et d\u2019\u00e9dition ; nous avons \u00e9largi et syst\u00e9matis\u00e9 notre liste d\u2019\u00e9valuateurs ; nous avons coordonn\u00e9 le travail avec des collaborateurs de plusieurs pays ; nous avons modernis\u00e9 \u00e0 la fois le format PDF et l\u2019apparence en ligne de la revue ; et nous avons obtenu son indexation dans Scopus, ce qui a consid\u00e9rablement \u00e9largi notre rayonnement. Nous continuons \u00e9galement \u00e0 produire les Materials for Discussion et avons collabor\u00e9 \u00e0 la publication de plusieurs monographies. Cependant, ce dont je suis le plus fi\u00e8re, c\u2019est la mani\u00e8re dont les jeunes chercheurs du monde entier peuvent d\u00e9sormais mieux publier gr\u00e2ce au travail intensif que j\u2019ai accompli avec eux \u00e0 travers de multiples versions de leurs textes. La publication de la revue demande \u00e9norm\u00e9ment d\u2019efforts ; je ne peux pas imaginer comment nous pourrions fonctionner si je ne faisais pas partie du Comit\u00e9 ex\u00e9cutif, car cela me permet d\u2019apporter mes id\u00e9es et de suivre les discussions en cours sur cet aspect fondamental du travail de l\u2019ICOFOM.<\/p>\n<p style=\"font-weight: 400;\"><strong>Candidat au poste de tr\u00e9sorier :<\/strong><\/p>\n<p style=\"font-weight: 400;\"><strong>Jamie Allan Brown<\/strong><\/p>\n<p style=\"font-weight: 400;\">Br\u00e8ve biographie<\/p>\n<p style=\"font-weight: 400;\"><img decoding=\"async\" loading=\"lazy\" class=\"alignleft size-medium wp-image-8266\" src=\"https:\/\/icofom.mini.icom.museum\/wp-content\/uploads\/sites\/18\/2025\/10\/Jamie_bio_2025-225x300.jpg\" alt=\"\" width=\"225\" height=\"300\" srcset=\"https:\/\/icofom.mini.icom.museum\/wp-content\/uploads\/sites\/18\/2025\/10\/Jamie_bio_2025-225x300.jpg 225w, https:\/\/icofom.mini.icom.museum\/wp-content\/uploads\/sites\/18\/2025\/10\/Jamie_bio_2025-768x1024.jpg 768w, https:\/\/icofom.mini.icom.museum\/wp-content\/uploads\/sites\/18\/2025\/10\/Jamie_bio_2025-1152x1536.jpg 1152w, https:\/\/icofom.mini.icom.museum\/wp-content\/uploads\/sites\/18\/2025\/10\/Jamie_bio_2025-1536x2048.jpg 1536w, https:\/\/icofom.mini.icom.museum\/wp-content\/uploads\/sites\/18\/2025\/10\/Jamie_bio_2025-scaled.jpg 1920w\" sizes=\"(max-width: 225px) 100vw, 225px\" \/>Jamie Allan Brown est chercheur \u00e0 l\u2019\u00c9cole d\u2019histoire de l\u2019art de l\u2019Universit\u00e9 de St Andrews, en \u00c9cosse. Il occupe actuellement les fonctions de tr\u00e9sorier de l\u2019ICOFOM, de co-pr\u00e9sident du groupe de travail sur les conf\u00e9rences et de responsable des adh\u00e9sions. Ses recherches et sa pratique portent sur les mus\u00e9es, le patrimoine communautaire et le d\u00e9veloppement durable, avec un accent particulier sur la participation des jeunes \u00e0 la mus\u00e9ologie et \u00e0 l\u2019action climatique.<\/p>\n<p style=\"font-weight: 400;\">Il poss\u00e8de une vaste exp\u00e9rience dans la coordination de projets internationaux en Europe, en Am\u00e9rique latine et dans les Cara\u00efbes, au Moyen-Orient et en Afrique du Nord, ainsi qu\u2019en Asie et en Oc\u00e9anie, soutenant des initiatives patrimoniales et des collaborations avec des partenaires institutionnels et communautaires. Parmi ses projets figurent EU-LAC Museums et Shared Island Stories, ce dernier ayant \u00e9t\u00e9 pr\u00e9s\u00e9lectionn\u00e9 pour le Prix ICOM de la durabilit\u00e9.<\/p>\n<p style=\"font-weight: 400;\">D\u00e9claration d\u2019intention<\/p>\n<p style=\"font-weight: 400;\">Je souhaite me pr\u00e9senter \u00e0 nouveau comme membre et tr\u00e9sorier du Comit\u00e9 de l\u2019ICOFOM pour le mandat 2025\u20132028. Au cours du pr\u00e9c\u00e9dent mandat, j\u2019ai apport\u00e9 un leadership strat\u00e9gique \u00e0 la gestion financi\u00e8re d\u2019ICOFOM, garantissant la responsabilit\u00e9, la transparence et l\u2019utilisation durable des ressources. J\u2019ai renforc\u00e9 la collaboration avec le Secr\u00e9tariat de l\u2019ICOM et les comit\u00e9s associ\u00e9s, positionnant l\u2019ICOFOM comme un mod\u00e8le de bonnes pratiques.<\/p>\n<p style=\"font-weight: 400;\">En tant que co-pr\u00e9sident du groupe de travail sur les conf\u00e9rences, j\u2019ai coordonn\u00e9 la 47\u1d49 R\u00e9union annuelle \u00e0 St Andrews (\u00c9cosse), le symposium de Doha (Qatar) et je pr\u00e9pare actuellement le 48\u1d49 symposium \u00e0 Duba\u00ef (\u00c9mirats arabes unis, 2025). J\u2019ai \u00e9galement obtenu trois ann\u00e9es cons\u00e9cutives de financement SAREC, permettant l\u2019organisation d\u2019une s\u00e9rie d\u2019ateliers internationaux destin\u00e9s aux jeunes dans 18 pays.<\/p>\n<p style=\"font-weight: 400;\">Pour le prochain mandat, je propose de maintenir une gestion financi\u00e8re rigoureuse et transparente, d\u2019\u00e9largir les bourses destin\u00e9es aux jeunes chercheurs, de renforcer les collaborations pour organiser des symposiums dans de nouvelles r\u00e9gions (Afrique, Moyen-Orient, Am\u00e9rique latine et Asie-Pacifique) et d\u2019\u00e9largir les partenariats internationaux.<\/p>\n<p style=\"font-weight: 400;\">Je m\u2019engage \u00e0 garantir que l\u2019ICOFOM demeure une organisation financi\u00e8rement solide, influente \u00e0 l\u2019\u00e9chelle mondiale et un forum de premier plan o\u00f9 des voix diverses fa\u00e7onnent la th\u00e9orie et la pratique mus\u00e9ologiques de demain.<\/p>\n<p style=\"font-weight: 400;\"><strong>Candidats aux postes de membres ordinaires du conseil d&#8217;administration :<\/strong><\/p>\n<p style=\"font-weight: 400;\"><strong>Kolawol\u00e9 Daniel E. ABIDJO<\/strong><\/p>\n<p style=\"font-weight: 400;\">A propos de moi<\/p>\n<p style=\"font-weight: 400;\"><img decoding=\"async\" loading=\"lazy\" class=\"alignleft size-medium wp-image-8269\" src=\"https:\/\/icofom.mini.icom.museum\/wp-content\/uploads\/sites\/18\/2025\/10\/Kolawole-300x200.jpg\" alt=\"\" width=\"300\" height=\"200\" srcset=\"https:\/\/icofom.mini.icom.museum\/wp-content\/uploads\/sites\/18\/2025\/10\/Kolawole-300x200.jpg 300w, https:\/\/icofom.mini.icom.museum\/wp-content\/uploads\/sites\/18\/2025\/10\/Kolawole-1024x683.jpg 1024w, https:\/\/icofom.mini.icom.museum\/wp-content\/uploads\/sites\/18\/2025\/10\/Kolawole-768x512.jpg 768w, https:\/\/icofom.mini.icom.museum\/wp-content\/uploads\/sites\/18\/2025\/10\/Kolawole-1536x1024.jpg 1536w, https:\/\/icofom.mini.icom.museum\/wp-content\/uploads\/sites\/18\/2025\/10\/Kolawole-2048x1365.jpg 2048w\" sizes=\"(max-width: 300px) 100vw, 300px\" \/>Je suis conservateur du patrimoine, dipl\u00f4m\u00e9 de l\u2019Institut National du Patrimoine (Paris), sp\u00e9cialit\u00e9 Mus\u00e9e, et titulaire de deux masters dans le domaine du patrimoine. J\u2019ai eu l\u2019opportunit\u00e9 de collaborer avec plusieurs institutions mus\u00e9ales majeures en France, notamment le Mus\u00e9e du quai Branly \u2013 Jacques Chirac, le Mus\u00e9e national d\u2019Art moderne \u2013 Centre Pompidou et le Mus\u00e9e des Confluences, o\u00f9 j\u2019ai acquis une exp\u00e9rience concr\u00e8te dans l\u2019\u00e9tude des collections, les recherches de provenance et la participation \u00e0 des projets d\u2019exposition. J\u2019ai \u00e9galement travaill\u00e9 avec Expertise France (AFD) sur des projets mus\u00e9aux en Afrique, ce qui m\u2019a permis d\u2019\u00e9largir ma compr\u00e9hension des politiques patrimoniales ainsi que des enjeux li\u00e9s \u00e0 la coop\u00e9ration culturelle internationale. Parall\u00e8lement, j\u2019ai contribu\u00e9 \u00e0 la r\u00e9daction de catalogues d\u2019exposition, dont Mission Dakar-Djibouti, contre-enqu\u00eates (Mus\u00e9e du quai Branly \u2013 Jacques Chirac), et j\u2019ai assur\u00e9 le commissariat de plusieurs expositions. Mon engagement scientifique s\u2019est aussi exprim\u00e9 \u00e0 travers l\u2019organisation et l\u2019animation de colloques et de s\u00e9minaires portant sur des th\u00e9matiques au coeur des d\u00e9bats actuels en mus\u00e9ologie. Mes recherches et pratiques se concentrent sur les questions du sacr\u00e9 dans les mus\u00e9es, les probl\u00e9matiques de provenance et les enjeux de restitution, avec une attention particuli\u00e8re port\u00e9e aux dynamiques intra-africaines. Dans le prolongement de ces exp\u00e9riences, je poursuis une th\u00e8se doctorale afin d\u2019approfondir ma sp\u00e9cialisation dans le domaine du patrimoine et des mus\u00e9es.<\/p>\n<p style=\"font-weight: 400;\"><em>Candidature<\/em><\/p>\n<p style=\"font-weight: 400;\">Je souhaite rejoindre le conseil d\u2019ICOFOM en tant que membre ordinaire pour la p\u00e9riode 2025-2028. Mon ambition est de contribuer \u00e0 faire d\u2019ICOFOM un espace toujours plus inclusif, o\u00f9 s\u2019expriment des perspectives issues de contextes culturels et professionnels vari\u00e9s.<\/p>\n<p style=\"font-weight: 400;\">Je souhaite m\u2019investir particuli\u00e8rement dans le groupe de travail sur l\u2019organisation des conf\u00e9rences. J\u2019ai d\u00e9j\u00e0 particip\u00e9 \u00e0 l\u2019animation et \u00e0 l\u2019organisation de rencontres scientifiques sur des th\u00e8mes comme les restitutions, les recherches de provenance ou le sacr\u00e9 dans les mus\u00e9es. Je souhaite mettre cette exp\u00e9rience au service d\u2019ICOFOM, tout en d\u00e9veloppant de nouvelles comp\u00e9tences dans la conception et la gestion d\u2019\u00e9v\u00e9nements internationaux, la coordination interculturelle et l\u2019animation de r\u00e9seaux professionnels.<\/p>\n<p style=\"font-weight: 400;\">Par ailleurs, je suis convaincu que l\u2019Afrique doit avoir une voix plus forte dans les d\u00e9bats mus\u00e9ologiques mondiaux. Mon pays, le B\u00e9nin, conna\u00eet aujourd\u2019hui une dynamique mus\u00e9ale sans pr\u00e9c\u00e9dent, avec la construction de plusieurs mus\u00e9es appel\u00e9s \u00e0 devenir des p\u00f4les de recherche et de r\u00e9flexion sur le patrimoine et la mus\u00e9ologie. Je souhaite contribuer \u00e0 porter cette dynamique au sein d\u2019ICOFOM, en renfor\u00e7ant la repr\u00e9sentativit\u00e9 du continent africain et en ouvrant de nouvelles pistes de r\u00e9flexion issues de nos exp\u00e9riences locales.<\/p>\n<p style=\"font-weight: 400;\">Mon objectif est de participer activement \u00e0 l\u2019organisation de conf\u00e9rences qui ne soient pas seulement des moments de diffusion scientifique, mais aussi de v\u00e9ritables espaces de dialogue interculturel, de co-construction et d\u2019innovation mus\u00e9ologique. Je m\u2019engage \u00e0 contribuer avec rigueur, cr\u00e9ativit\u00e9 et ouverture aux activit\u00e9s d\u2019ICOFOM et \u00e0 l\u2019enrichissement collectif de ses d\u00e9bats.<\/p>\n<p style=\"font-weight: 400;\"><strong>Lisa Baillargeon<\/strong><\/p>\n<p style=\"font-weight: 400;\"><img decoding=\"async\" loading=\"lazy\" class=\"alignleft size-medium wp-image-8272\" src=\"https:\/\/icofom.mini.icom.museum\/wp-content\/uploads\/sites\/18\/2025\/10\/Lisa-Baillargeon-300x278.png\" alt=\"\" width=\"300\" height=\"278\" srcset=\"https:\/\/icofom.mini.icom.museum\/wp-content\/uploads\/sites\/18\/2025\/10\/Lisa-Baillargeon-300x278.png 300w, https:\/\/icofom.mini.icom.museum\/wp-content\/uploads\/sites\/18\/2025\/10\/Lisa-Baillargeon.png 548w\" sizes=\"(max-width: 300px) 100vw, 300px\" \/>Ph.D., MBA, CPA, Adm.A., ICD.D.\/IAS.A.<\/p>\n<p style=\"font-weight: 400;\">La Dre Lisa Baillargeon est comptable professionnelle agr\u00e9\u00e9e (CPA), administratrice de soci\u00e9t\u00e9s (ICD.D\/IAS.A) et professeure titulaire en comptabilit\u00e9 et gouvernance \u00e0 l\u2019\u00c9cole des sciences de la gestion de l\u2019Universit\u00e9 du Qu\u00e9bec \u00e0 Montr\u00e9al (ESG-UQAM), o\u00f9 elle occupe actuellement le poste de directrice du d\u00e9partement. Elle est titulaire d\u2019un doctorat en histoire \u00e9conomique (UQAM), d\u2019une ma\u00eetrise en histoire de l\u2019art et d\u2019un MBA de la Schulich School of Business de l\u2019Universit\u00e9 York (Toronto).<\/p>\n<p style=\"font-weight: 400;\">Son expertise multidisciplinaire couvre l\u2019histoire \u00e9conomique et des affaires, la gouvernance, l\u2019\u00e9thique, la gestion de la performance et la r\u00e9glementation de la divulgation. Elle est co-directrice de la Chaire de recherche sur la gouvernance des mus\u00e9es et le droit de la culture, qui relie la recherche universitaire aux d\u00e9fis pratiques de gouvernance dans les secteurs culturel et patrimonial.<\/p>\n<p style=\"font-weight: 400;\">La Dre Baillargeon poss\u00e8de une vaste exp\u00e9rience en gouvernance, acquise dans les secteurs public, priv\u00e9, sans but lucratif et universitaire, gr\u00e2ce \u00e0 sa participation \u00e0 de nombreux conseils et comit\u00e9s. Elle est notamment pr\u00e9sidente du comit\u00e9 de v\u00e9rification de la Ville de Montr\u00e9al, pr\u00e9sidente du conseil d\u2019administration de D\u00e9veloppement international Desjardins (DID), membre du conseil du Groupe Desjardins, et administratrice du Mus\u00e9e d\u2019art contemporain de Montr\u00e9al (MACM). Elle a \u00e9galement occup\u00e9 plusieurs postes de direction universitaire, dont ceux de vice-pr\u00e9sidente \u00e0 l\u2019enseignement, directrice de l\u2019Institut du patrimoine de l\u2019UQAM, et vice-doyenne de l\u2019ESG UQAM, ainsi que des fonctions universitaires internationales, notamment \u00e0 Duba\u00ef.<\/p>\n<p style=\"font-weight: 400;\">Son profil bilingue (anglais\/fran\u00e7ais) et son parcours international t\u00e9moignent de son engagement \u00e0 promouvoir de bonnes pratiques de gouvernance et des normes \u00e9thiques \u00e9lev\u00e9es \u00e0 travers diff\u00e9rents contextes.<\/p>\n<p style=\"font-weight: 400;\"><em>D\u00e9claration de candidature<\/em><\/p>\n<p style=\"font-weight: 400;\">Je me porte candidate au poste de membre r\u00e9gulier du conseil du Comit\u00e9 international afin de partager mon expertise et de renforcer la diversit\u00e9 mondiale du comit\u00e9. Originaire du Qu\u00e9bec, la partie francophone de l\u2019Am\u00e9rique du Nord, j\u2019apporte des perspectives culturelles, ainsi que des r\u00e9seaux professionnels, qui enrichissent la diversit\u00e9 du comit\u00e9 \u00e0 l\u2019\u00e9chelle continentale.<\/p>\n<p style=\"font-weight: 400;\">Mon travail acad\u00e9mique et professionnel s\u2019est toujours centr\u00e9 sur l\u2019\u00e9thique, la gouvernance, la gestion de la performance et la reddition de comptes, particuli\u00e8rement dans les mus\u00e9es et les institutions culturelles. En tant que co-directrice de la Chaire sur la gouvernance des mus\u00e9es et le droit de la culture, je dirige des projets interdisciplinaires portant sur les mod\u00e8les de gouvernance et de financement, les normes \u00e9thiques, l\u2019int\u00e9gration des crit\u00e8res ESG, et les cadres de politiques culturelles. Ces exp\u00e9riences s\u2019alignent \u00e9troitement avec la mission de l\u2019ICOM, qui vise \u00e0 renforcer les meilleures pratiques et les normes \u00e9thiques \u00e0 l\u2019\u00e9chelle mondiale.<\/p>\n<p style=\"font-weight: 400;\">Au-del\u00e0 du milieu universitaire, ma participation \u00e0 de nombreux conseils d\u2019administration \u2013 qu\u2019il s\u2019agisse du secteur public (Comit\u00e9 de v\u00e9rification de la Ville de Montr\u00e9al), des institutions financi\u00e8res (Desjardins) ou des organisations culturelles (Mus\u00e9e d\u2019art contemporain de Montr\u00e9al, Mus\u00e9e Ch\u00e2teau Dufresne, MUTEK) \u2013 m\u2019a permis d\u2019acqu\u00e9rir une solide exp\u00e9rience pratique en mati\u00e8re de gouvernance, d\u2019audit, d\u2019\u00e9thique, de surveillance financi\u00e8re, de conformit\u00e9 et de gestion des risques. Cette combinaison de perspectives, reliant la recherche universitaire \u00e0 la gouvernance appliqu\u00e9e, me permet de contribuer de mani\u00e8re significative et percutante aux travaux du Comit\u00e9 international.<\/p>\n<p style=\"font-weight: 400;\">Je suis profond\u00e9ment motiv\u00e9e \u00e0 servir en tant que membre \u00e0 part enti\u00e8re du conseil, d\u00e9termin\u00e9e \u00e0 renforcer le leadership de l\u2019ICOFOM en mati\u00e8re de gouvernance et d\u2019\u00e9thique, et \u00e0 favoriser le dialogue entre les continents.<\/p>\n<p style=\"font-weight: 400;\">Je vous remercie sinc\u00e8rement de l\u2019attention port\u00e9e \u00e0 ma candidature. Ce serait un honneur de contribuer aux travaux essentiels de l\u2019ICOFOM en tant que membre du conseil pour le mandat 2025\u20132028.<\/p>\n<p style=\"font-weight: 400;\"><strong>Claire Brizon<\/strong><\/p>\n<figure id=\"attachment_8254\" aria-describedby=\"caption-attachment-8254\" style=\"width: 300px\" class=\"wp-caption alignleft\"><img decoding=\"async\" loading=\"lazy\" class=\"size-medium wp-image-8254\" src=\"https:\/\/icofom.mini.icom.museum\/wp-content\/uploads\/sites\/18\/2025\/10\/CLAIRE_05_BRIZON-300x300.jpg\" alt=\"\" width=\"300\" height=\"300\" srcset=\"https:\/\/icofom.mini.icom.museum\/wp-content\/uploads\/sites\/18\/2025\/10\/CLAIRE_05_BRIZON-300x300.jpg 300w, https:\/\/icofom.mini.icom.museum\/wp-content\/uploads\/sites\/18\/2025\/10\/CLAIRE_05_BRIZON-1024x1024.jpg 1024w, https:\/\/icofom.mini.icom.museum\/wp-content\/uploads\/sites\/18\/2025\/10\/CLAIRE_05_BRIZON-150x150.jpg 150w, https:\/\/icofom.mini.icom.museum\/wp-content\/uploads\/sites\/18\/2025\/10\/CLAIRE_05_BRIZON-768x768.jpg 768w, https:\/\/icofom.mini.icom.museum\/wp-content\/uploads\/sites\/18\/2025\/10\/CLAIRE_05_BRIZON-1536x1536.jpg 1536w, https:\/\/icofom.mini.icom.museum\/wp-content\/uploads\/sites\/18\/2025\/10\/CLAIRE_05_BRIZON-2048x2048.jpg 2048w\" sizes=\"(max-width: 300px) 100vw, 300px\" \/><figcaption id=\"caption-attachment-8254\" class=\"wp-caption-text\">Claire Brizon, portrait<\/figcaption><\/figure>\n<p style=\"font-weight: 400;\"><em>Biographie <\/em><\/p>\n<p style=\"font-weight: 400;\">Depuis 2016, je suis en charge de la collection d\u2019ethnographie au Mus\u00e9e cantonal d\u2019arch\u00e9ologie et d\u2019histoire \u00e0 Lausanne (Suisse). Entre 2005 et 2016, j\u2019ai \u00e9t\u00e9 membre de l\u2019\u00e9quipe de conception du mus\u00e9e des Confluences \u00e0 Lyon (France), pour tout ce qui rel\u00e8ve des collections oc\u00e9aniennes. Je suis dipl\u00f4m\u00e9e de deux Masters, l\u2019un en arch\u00e9ologie (2003, Universit\u00e9 Lyon II) et l\u2019autre en mus\u00e9ologie (2005, Universit\u00e9 Lyon III), et d\u2019un doctorat en histoire de l\u2019art (2021, Universit\u00e9 de Berne) qui a donn\u00e9 lieu \u00e0 la parution d\u2019un livre intitul\u00e9 Collections coloniales. A l\u2019origine des fonds anciens non europ\u00e9ens dans les mus\u00e9es suisses (Seismo 2023).<\/p>\n<p style=\"font-weight: 400;\">Mes int\u00e9r\u00eats portent sur l\u2019histoire des institutions et de leurs collections d\u2019ethnographie, sur la recherche de provenance ainsi que sur la documentation et l\u2019actualisation des collections selon un processus participatif tout en tenant compte de principes internationaux (par exemple : D\u00e9claration des droits des peuples autochtones-2007 ; Charte de Porto-Novo, X\u1ecdgbonu, \u00c1j\u00e1sh\u00e9-2022)<\/p>\n<p style=\"font-weight: 400;\">De par mes exp\u00e9riences professionnelles, j\u2019ai acquis une bonne connaissance du milieu mus\u00e9al et de ses enjeux, notamment au sein de l\u2019\u00e9quipe de conception du mus\u00e9e des Confluences. En parall\u00e8le, mon exp\u00e9rience d\u2019enseignement \u00e0 l\u2019universit\u00e9, particuli\u00e8rement en tant que co-directrice du Certificat of Advanced Studies en recherche de provenance \u00e0 l\u2019Universit\u00e9 de Neuch\u00e2tel (Suisse), me permet d\u2019avoir une approche r\u00e9flexive sur ma pratique professionnelle. J\u2019ai \u00e9galement une grande exp\u00e9rience du milieu associatif et du b\u00e9n\u00e9volat. Depuis 2020, je suis vice-pr\u00e9sidente de l\u2019Association Suisse de recherche en provenance et mon mandat prendra fin d\u00e9but 2026. Ainsi \u00e0 travers toutes ses fonctions que j\u2019ai pu occuper, j\u2019ai pris pour habitude de travailler avec des personnes issues de divers milieux, mus\u00e9al, universitaire, artistique, associatif, autochtone, etc.<\/p>\n<p style=\"font-weight: 400;\">Dans ce contexte, je candidate \u00e0 l\u2019\u00e9lection des membres du bureau du comit\u00e9 ICOFOM en qualit\u00e9 de membre ordinaire n&#8217;occupant pas de fonction particuli\u00e8re. J\u2019apporterai mon soutien gr\u00e2ce \u00e0 mon exp\u00e9rience professionnelle, notamment relative \u00e0 la pratique de la mus\u00e9ologie participative (r\u00e9cemment l\u2019exposition Autobiographie d\u2019une selle M\u00e9tis en co commissariat avec Prof. Sherry Farrell-Racette et Dr. Laura Peers, Mus\u00e9e cantonal d\u2019arch\u00e9ologie et d\u2019histoire, 11.10.2024-13.04.2025) et de la recherche de provenance ainsi que sur les enjeux de collaboration entre les universit\u00e9s et les mus\u00e9es. Je ferai \u00e9galement b\u00e9n\u00e9ficier le bureau de mon r\u00e9seau constitu\u00e9 au long de 20 ann\u00e9es d\u2019exp\u00e9riences tant en milieu mus\u00e9al, qu\u2019universitaire et associatif. D\u2019un point de vue pratique, j\u2019apporterai mon exp\u00e9rience en mati\u00e8re de conception et coordination de projet d\u2019exposition, d\u2019\u00e9dition et de valorisation, \u00e0 l\u2019\u00e9chelle europ\u00e9enne et internationale (r\u00e9cemment l\u2019\u00e9dition de l\u2019ouvrage Collections nord-am\u00e9ricaines. Regards crois\u00e9s. Perspectives on North American Collections, DGC, 2024). Enfin, j\u2019ai une parfaite ma\u00eetrise du fran\u00e7ais (langue maternelle), je comprends aussi l\u2019anglais et le parle.<\/p>\n<p style=\"font-weight: 400;\">Je suis tout particuli\u00e8rement int\u00e9ress\u00e9e par le groupe de travail pour les conf\u00e9rences.<\/p>\n<p style=\"font-weight: 400;\"><strong>Master Juan Carlos Fern\u00e1ndez-Catal\u00e1n<\/strong><\/p>\n<p style=\"font-weight: 400;\"><img decoding=\"async\" loading=\"lazy\" class=\"alignleft size-medium wp-image-8251\" src=\"https:\/\/icofom.mini.icom.museum\/wp-content\/uploads\/sites\/18\/2025\/10\/2-version-Juan-Carlos-200x300.jpg\" alt=\"\" width=\"200\" height=\"300\" srcset=\"https:\/\/icofom.mini.icom.museum\/wp-content\/uploads\/sites\/18\/2025\/10\/2-version-Juan-Carlos-200x300.jpg 200w, https:\/\/icofom.mini.icom.museum\/wp-content\/uploads\/sites\/18\/2025\/10\/2-version-Juan-Carlos-682x1024.jpg 682w, https:\/\/icofom.mini.icom.museum\/wp-content\/uploads\/sites\/18\/2025\/10\/2-version-Juan-Carlos.jpg 767w\" sizes=\"(max-width: 200px) 100vw, 200px\" \/>Quito, \u00c9quateur<\/p>\n<p style=\"font-weight: 400;\">Mus\u00e9ologue, gestionnaire culturel, doctorant (PhD) en Esth\u00e9tique, Valeurs et Culture \u00e0 l\u2019Universit\u00e9 du Pays Basque, Espagne. Dipl\u00f4m\u00e9 en Esth\u00e9tique et Repr\u00e9sentation Artistique dans la Culture Occidentale. Doctorant (PhD) en Histoire de l\u2019Art et Patrimoine Historico-Artistique \u00e0 l\u2019Universit\u00e9 d\u2019Estr\u00e9madure, Espagne. Formateur international en Documentation des collections mus\u00e9ales pour le CIDOC.<\/p>\n<p style=\"font-weight: 400;\">Titulaire d\u2019un Master en P\u00e9dagogie Professionnelle de l\u2019Institut Sup\u00e9rieur P\u00e9dagogique, La Havane, Cuba.<\/p>\n<p style=\"font-weight: 400;\">Licenci\u00e9 en Restauration de Biens Culturels et Mus\u00e9ologie de l\u2019Universit\u00e9 Technologique \u00c9quinoxiale, Quito, \u00c9quateur.<\/p>\n<p style=\"font-weight: 400;\">Il est actuellement Secr\u00e9taire du Comit\u00e9 \u00c9quatorien du Conseil International des Mus\u00e9es ICOM \u00c9quateur (2024-2027), Membre individuel de l\u2019ICOM depuis 1988, Membre du Conseil du Comit\u00e9 International de Mus\u00e9ologie pour l\u2019Am\u00e9rique latine et les Cara\u00efbes (ICOFOM LAC, 2023-2026), et enseignant invit\u00e9 \u00e0 l\u2019Universit\u00e9 Polytechnique Sal\u00e9sienne. Il est \u00e9galement Conseiller international (pour l\u2019\u00c9quateur) de projets de conservation du patrimoine culturel pour la Fondation Prince Claus des Pays-Bas, et agit comme Conseiller technique mus\u00e9ologique du Mus\u00e9e d\u2019Art Na\u00eff Latino-Am\u00e9ricain (MANLA).<\/p>\n<p style=\"font-weight: 400;\">Sur le plan professionnel, il a exerc\u00e9 \u00e0 l\u2019Universit\u00e9 Technologique \u00c9quinoxiale en tant que Directeur coordinateur acad\u00e9mique de la fili\u00e8re Restauration et Mus\u00e9ologie, Professeur titulaire principal en Mus\u00e9ologie et Art, ainsi que Coordinateur de la culture et du patrimoine.<\/p>\n<p style=\"font-weight: 400;\">Il a \u00e9galement \u00e9t\u00e9 fonctionnaire des Mus\u00e9es de la Casa de la Cultura Ecuatoriana et Directeur du Mus\u00e9e National d\u2019Art Colonial.<\/p>\n<p style=\"font-weight: 400;\">Il est auteur de plusieurs publications nationales et internationales.<\/p>\n<p style=\"font-weight: 400;\">Il a r\u00e9alis\u00e9 des voyages d\u2019\u00e9tude et d\u2019observation dans les principaux mus\u00e9es et centres culturels du monde, situ\u00e9s en Europe, Asie, Afrique, Am\u00e9rique, Moyen-Orient, \u00eeles du Pacifique et Oc\u00e9anie.<\/p>\n<p style=\"font-weight: 400;\">Participation active et coordination d\u2019\u00e9v\u00e9nements mus\u00e9ologiques<\/p>\n<p style=\"font-weight: 400;\">Son engagement actif en tant qu\u2019organisateur d\u2019activit\u00e9s mus\u00e9ologiques (OPC) l\u2019a conduit \u00e0 coordonner d\u2019importants \u00e9v\u00e9nements, parmi les plus r\u00e9cents :<\/p>\n<p style=\"font-weight: 400;\">Rencontre internationale Mus\u00e9es pour l\u2019\u00e9ducation et la recherche<\/p>\n<p style=\"font-weight: 400;\">Strat\u00e9gies de coop\u00e9ration internationale pour les mus\u00e9es et institutions culturelles<\/p>\n<p style=\"font-weight: 400;\">Cours atelier de formation professionnelle pour l\u2019Am\u00e9rique latine et les Cara\u00efbes : Durabilit\u00e9 et inclusion sociale dans les mus\u00e9es<\/p>\n<p style=\"font-weight: 400;\">Pr\u00e9sentation des Chaires d\u2019\u00e9tudes en mus\u00e9ologie et art \u00e0 travers le s\u00e9minaire international Mus\u00e9es, Art et Gestion mus\u00e9ologique<\/p>\n<p style=\"font-weight: 400;\">Sommet andin des Mus\u00e9es des Am\u00e9riques : Financement et durabilit\u00e9 des mus\u00e9es et communaut\u00e9s<\/p>\n<p style=\"font-weight: 400;\">Rencontre internationale de mus\u00e9es : Mus\u00e9alisation du patrimoine : th\u00e9orie et praxis<\/p>\n<p style=\"font-weight: 400;\">Cours : Perspectives et tendances de la Nouvelle Mus\u00e9ologie<\/p>\n<p style=\"font-weight: 400;\">Mini-s\u00e9minaire : Patrimoine culturel immat\u00e9riel : la conservation des traditions<\/p>\n<p style=\"font-weight: 400;\">Webinaire international : Mus\u00e9es : gestion et administration des collections<\/p>\n<p style=\"font-weight: 400;\">S\u00e9minaire-atelier : Conception de projets culturels et cr\u00e9atifs<\/p>\n<p style=\"font-weight: 400;\">S\u00e9minaire-atelier : Plan mus\u00e9ologique : th\u00e9orie et pratique<\/p>\n<p style=\"font-weight: 400;\">Foire des mus\u00e9es organis\u00e9e \u00e0 l\u2019occasion de la Journ\u00e9e internationale des mus\u00e9es<\/p>\n<p style=\"font-weight: 400;\">Congr\u00e8s : Identit\u00e9s, m\u00e9moires et repr\u00e9sentations de la c\u00f4te \u00e9quatorienne. Perspectives depuis l\u2019anthropologie, l\u2019arch\u00e9ologie et l\u2019histoire<\/p>\n<p style=\"font-weight: 400;\">Congr\u00e8s : Tourisme culturel et cr\u00e9atif \u2013 Durabilit\u00e9, entrepreneuriat, innovation et bien-\u00eatre social<\/p>\n<p style=\"font-weight: 400;\">Congr\u00e8s d\u2019art contemporain<\/p>\n<p style=\"font-weight: 400;\">Activit\u00e9 professionnelle dans les mus\u00e9es<\/p>\n<p style=\"font-weight: 400;\">Il joue un r\u00f4le essentiel dans l\u2019interconnexion entre mus\u00e9es au niveau national et international, ce qui l\u2019a amen\u00e9 \u00e0 collaborer avec les institutions suivantes :<\/p>\n<p style=\"font-weight: 400;\">Mus\u00e9e Anthropologique et d\u2019Art Contemporain (MAAC), Complexe patrimonial Todos Santos, Couvent de San Agust\u00edn, Mus\u00e9e Colonial de Bogot\u00e1, Mus\u00e9e Inti \u00d1an, Mus\u00e9e Dioc\u00e9sain de Notre-Dame de la Nativit\u00e9, Mus\u00e9e \u00c9quatorien des Sciences Naturelles, Mus\u00e9e National d\u2019Art Religieux du Sanctuaire de Notre-Dame de El Quinche, Centre d\u2019Art UTE, Mus\u00e9e Historique de la Ville de Riobamba, Mus\u00e9e-Biblioth\u00e8que \u00c9quatorienne Aurelio Espinosa Polit, \u00c9glise-Mus\u00e9e de la Compagnie de J\u00e9sus, Mus\u00e9e National d\u2019Art Colonial, Mus\u00e9e des Instruments de Musique Pedro Pablo Traversari, Mus\u00e9e d\u2019Art Moderne, et Collection Ethnographique de la Casa de la Cultura Ecuatoriana.<\/p>\n<p style=\"font-weight: 400;\">Motivation pour devenir membre ordinaire de l\u2019ICOFOM<\/p>\n<p style=\"font-weight: 400;\">Je me porte candidat au poste de Membre Ordinaire de l\u2019ICOFOM et souhaiterais collaborer avec le groupe de travail sur les conf\u00e9rences.<\/p>\n<p style=\"font-weight: 400;\">Comme cela appara\u00eet dans mon CV, je suis constamment en lien avec d\u2019autres professionnels du secteur mus\u00e9al aux niveaux national et international, gr\u00e2ce aux \u00e9changes d\u2019exp\u00e9riences qui se refl\u00e9teront dans la nouvelle fili\u00e8re de Mus\u00e9ologie et Gestion Culturelle que nous mettons en place \u00e0 l\u2019Institut Technologique Universitaire Esp\u00edritu Santo, dans la ville de Guayaquil, \u00c9quateur \u2014 une ville qui n\u2019a jamais auparavant propos\u00e9 une formation sp\u00e9cialis\u00e9e dans le domaine des mus\u00e9es.<\/p>\n<p style=\"font-weight: 400;\">Cette dynamique s\u2019\u00e9tend \u00e9galement \u00e0 mon poste actuel de Conseiller technique mus\u00e9ologique au Mus\u00e9e d\u2019Art Na\u00eff Latino-Am\u00e9ricain \u00e0 Quito, o\u00f9 nous d\u00e9velopperons des cours et s\u00e9minaires ouverts \u00e0 toute la communaut\u00e9.<\/p>\n<p style=\"font-weight: 400;\">De plus, je suis coordinateur et organisateur de plusieurs \u00e9v\u00e9nements mus\u00e9ologiques, tant au niveau national qu\u2019international. En tant qu\u2019OPC, je pourrais contribuer \u00e0 la planification strat\u00e9gique des symposiums, congr\u00e8s et \u00e9v\u00e9nements de l\u2019ICOFOM, ainsi qu\u2019\u00e0 la cr\u00e9ation de partenariats avec des institutions publiques et priv\u00e9es afin d\u2019assurer le succ\u00e8s de ces initiatives.<\/p>\n<p style=\"font-weight: 400;\">Conform\u00e9ment au th\u00e8me annuel de l\u2019ICOM, nous innovons constamment nos activit\u00e9s et diversifions les th\u00e9matiques abord\u00e9es pour les diffuser aupr\u00e8s des membres et non-membres de l\u2019ICOM, dans le but de mettre \u00e0 jour les connaissances de l\u2019ensemble de la communaut\u00e9 mus\u00e9ale.<\/p>\n<p style=\"font-weight: 400;\">Ces efforts se traduisent par les \u00e9v\u00e9nements organis\u00e9s \u00e0 l\u2019occasion de la Journ\u00e9e internationale des mus\u00e9es, ainsi que par les congr\u00e8s, s\u00e9minaires, ateliers et la Foire des mus\u00e9es que nous organisons chaque ann\u00e9e en tant qu\u2019ICOM \u00c9quateur dans les trois principales villes du pays : Quito, Guayaquil et Cuenca.<\/p>\n<p style=\"font-weight: 400;\">Cette ann\u00e9e, l\u2019\u00e9v\u00e9nement aura un impact particulier gr\u00e2ce aux conf\u00e9renciers que nous inviterons \u00e0 la Conf\u00e9rence g\u00e9n\u00e9rale de l\u2019ICOM \u00e0 Duba\u00ef 2025, qui seront nos principaux invit\u00e9s.<\/p>\n<p style=\"font-weight: 400;\"><strong>Olivia Guiragossian<\/strong><\/p>\n<p style=\"font-weight: 400;\"><em><img decoding=\"async\" loading=\"lazy\" class=\"alignleft size-medium wp-image-8263\" src=\"https:\/\/icofom.mini.icom.museum\/wp-content\/uploads\/sites\/18\/2025\/10\/IMG_20210204_224614-300x290.jpg\" alt=\"\" width=\"300\" height=\"290\" srcset=\"https:\/\/icofom.mini.icom.museum\/wp-content\/uploads\/sites\/18\/2025\/10\/IMG_20210204_224614-300x290.jpg 300w, https:\/\/icofom.mini.icom.museum\/wp-content\/uploads\/sites\/18\/2025\/10\/IMG_20210204_224614-1024x989.jpg 1024w, https:\/\/icofom.mini.icom.museum\/wp-content\/uploads\/sites\/18\/2025\/10\/IMG_20210204_224614-768x742.jpg 768w, https:\/\/icofom.mini.icom.museum\/wp-content\/uploads\/sites\/18\/2025\/10\/IMG_20210204_224614-1536x1484.jpg 1536w, https:\/\/icofom.mini.icom.museum\/wp-content\/uploads\/sites\/18\/2025\/10\/IMG_20210204_224614-2048x1979.jpg 2048w\" sizes=\"(max-width: 300px) 100vw, 300px\" \/>Biographie<\/em><\/p>\n<p style=\"font-weight: 400;\">Docteure en mus\u00e9ologie et actuellement ma\u00eetresse de conf\u00e9rences et chercheuse \u00e0 l\u2019Universit\u00e9 d\u2019Avignon en Sciences de l\u2019information et de la communication, mes recherches portent principalement sur les contours et l\u2019essence du concept de mus\u00e9e, la perception du ph\u00e9nom\u00e8ne mus\u00e9al dans son ensemble et les dynamiques qui l\u2019affectent \u00e0 l\u2019\u00e9chelle mondiale.<\/p>\n<p style=\"font-weight: 400;\">En parall\u00e8le de mes activit\u00e9s d\u2019enseignement, j\u2019ai eu l\u2019opportunit\u00e9 de mener plusieurs projets de recherche avec des organisations fran\u00e7aises et europ\u00e9ennes, ainsi qu\u2019au sein de l\u2019ICOM, notamment en lien avec les consultations autour de la d\u00e9finition du mus\u00e9e adopt\u00e9e \u00e0 Prague en 2022 et sur la d\u00e9colonisation dans les mus\u00e9es.<\/p>\n<p style=\"font-weight: 400;\">Membre active de l\u2019ICOFOM depuis 2017, j\u2019ai contribu\u00e9 \u00e0 l\u2019organisation de plusieurs symposiums et conf\u00e9rences (\u00ab D\u00e9finir le mus\u00e9e du XXIe si\u00e8cle \u00bb [Paris, 2017], \u00ab Lieux de r\u00e9flexion \u00bb [Paris, 2018], \u00ab L\u2019avenir de la tradition en mus\u00e9ologie \u00bb [Kyoto, 2019]). Mon d\u00e9sir de participer au dynamisme de la mus\u00e9ologie s\u2019accompagne aussi d\u2019un int\u00e9r\u00eat marqu\u00e9 pour les \u00e9volutions au sein m\u00eame de l\u2019ICOM. Plus r\u00e9cemment, j\u2019ai \u00e9galement pris part \u00e0 l\u2019organisation de la Conf\u00e9rence internationale sur la conservation des collections (\u00ab Storage in Museums \u00bb, Paris, 2024), \u00e9v\u00e9nement fondateur du tout nouveau Comit\u00e9 international de l\u2019ICOM consacr\u00e9 au stockage.<\/p>\n<p style=\"font-weight: 400;\">Consciente de l\u2019ampleur des d\u00e9fis auxquels la mus\u00e9ologie et l\u2019ICOFOM sont aujourd\u2019hui confront\u00e9s, j\u2019attache une grande importance aux liens cr\u00e9\u00e9s avec les membres de ce comit\u00e9, \u00e0 l\u2019\u00e9mulation intellectuelle qu\u2019ils g\u00e9n\u00e8rent et au dynamisme qu\u2019ils incarnent, sources d\u2019enrichissement personnel et professionnel. J\u2019aimerais m\u2019impliquer davantage dans les activit\u00e9s \u00e0 venir et esp\u00e8re pouvoir apporter une perspective compl\u00e9mentaire pour nourrir les r\u00e9flexions de l\u2019ICOFOM sur l\u2019avenir.<\/p>\n<p style=\"font-weight: 400;\">Langues : fran\u00e7ais, anglais et espagnol.<\/p>\n<p style=\"font-weight: 400;\">En tant que membre du Conseil d\u2019administration de l\u2019ICOFOM, si l\u2019occasion se pr\u00e9sente, je souhaiterais rejoindre le Groupe de travail sur les conf\u00e9rences, en mettant \u00e0 profit mes comp\u00e9tences organisationnelles et scientifiques. Je serai une force motrice dans l\u2019organisation d\u2019\u00e9v\u00e9nements scientifiques, notamment dans la pr\u00e9paration des r\u00e9unions annuelles, la coordination de symposiums internationaux et la mise en place d\u2019ateliers visant \u00e0 promouvoir le travail de l\u2019ICOFOM et \u00e0 enrichir la pens\u00e9e mus\u00e9ologique.<\/p>\n<p style=\"font-weight: 400;\">Je souhaite \u00e9galement mettre en valeur le travail de l\u2019ICOFOM dans les futurs projets d\u00e9velopp\u00e9s au sein de l\u2019ICOM et encourager les \u00e9changes entre les diff\u00e9rents comit\u00e9s. Ces comp\u00e9tences, d\u00e9j\u00e0 \u00e9prouv\u00e9es, me semblent utiles pour les projets \u00e0 venir. Enfin, j\u2019apporterai tout mon soutien au d\u00e9veloppement de tout autre projet qui pourrait \u00e9merger au cours de ce mandat.<\/p>\n<p style=\"font-weight: 400;\"><strong>Nicolas Navarro <\/strong><\/p>\n<p style=\"font-weight: 400;\"><img decoding=\"async\" loading=\"lazy\" class=\"alignleft size-medium wp-image-8281\" src=\"https:\/\/icofom.mini.icom.museum\/wp-content\/uploads\/sites\/18\/2025\/10\/Navarro-212x300.jpg\" alt=\"\" width=\"212\" height=\"300\" srcset=\"https:\/\/icofom.mini.icom.museum\/wp-content\/uploads\/sites\/18\/2025\/10\/Navarro-212x300.jpg 212w, https:\/\/icofom.mini.icom.museum\/wp-content\/uploads\/sites\/18\/2025\/10\/Navarro-724x1024.jpg 724w, https:\/\/icofom.mini.icom.museum\/wp-content\/uploads\/sites\/18\/2025\/10\/Navarro-768x1087.jpg 768w, https:\/\/icofom.mini.icom.museum\/wp-content\/uploads\/sites\/18\/2025\/10\/Navarro.jpg 848w\" sizes=\"(max-width: 212px) 100vw, 212px\" \/>Biographie :<\/p>\n<p style=\"font-weight: 400;\">Nicolas Navarro est actuellement professeur de mus\u00e9ologie et responsable du Service de mus\u00e9ologie \u00e0 l\u2019Universit\u00e9 de Li\u00e8ge (Belgique) depuis 2023. Il est r\u00e9dacteur en chef de la revue Cahiers de mus\u00e9ologie et membre du comit\u00e9 \u00e9ditorial de la revue Culture &amp; Mus\u00e9es. Titulaire d\u2019un master en Histoire de l\u2019art (2007) et en Mus\u00e9ologie (2009), il est docteur en Mus\u00e9ologie, m\u00e9diation, patrimoine (Universit\u00e9 d\u2019Avignon, \u00c9cole du Louvre, Universit\u00e9 du Qu\u00e9bec \u00e0 Montr\u00e9al) depuis 2015. Apr\u00e8s deux recherches postdoctorales (Universit\u00e9 Laval \u2013 Qu\u00e9bec ; Universit\u00e9 de Lyon), il a \u00e9t\u00e9 ma\u00eetre de conf\u00e9rences \u00e0 l\u2019Universit\u00e9 Lyon 2 en sciences de la communication entre 2018 et 2023, o\u00f9 il a principalement travaill\u00e9 sur l\u2019usage des outils num\u00e9riques dans le monde des mus\u00e9es et du patrimoine. Ses recherches portent d\u00e9sormais sur la mus\u00e9ologie critique, en particulier sur le r\u00f4le social et politique des mus\u00e9es dans le contexte occidental.<\/p>\n<p style=\"font-weight: 400;\">R\u00f4le sp\u00e9cifique pour l\u2019ICOFOM<\/p>\n<p style=\"font-weight: 400;\">Je me pr\u00e9sente \u00e0 l\u2019\u00e9lection du conseil d\u2019administration de l\u2019ICOFOM pour la p\u00e9riode 2025-2028 pour deux raisons principales.<\/p>\n<p style=\"font-weight: 400;\">La premi\u00e8re est de promouvoir la mus\u00e9ologie \u00e0 travers l\u2019enseignement universitaire (\u00e0 destination des \u00e9tudiants mais aussi des professionnels des mus\u00e9es) et, en particulier, d\u2019internationaliser cet enseignement, ce qui me tient particuli\u00e8rement \u00e0 c\u0153ur. Je suis convaincu que l\u2019ICOFOM a un r\u00f4le important \u00e0 jouer dans la r\u00e9flexion sur les mani\u00e8res d\u2019enseigner et de transmettre la mus\u00e9ologie, ainsi que sur les collaborations pouvant \u00eatre \u00e9tablies \u00e0 l\u2019\u00e9chelle internationale afin de favoriser le partage des savoirs et des bonnes pratiques. J\u2019essaie d\u2019initier cette dynamique au sein du programme de master de l\u2019Universit\u00e9 de Li\u00e8ge et j\u2019esp\u00e8re pouvoir contribuer \u00e0 ces discussions au sein de l\u2019ICOFOM, ainsi qu\u2019avec d\u2019autres universitaires et professionnels des mus\u00e9es.<\/p>\n<p style=\"font-weight: 400;\">La seconde raison est de soutenir la promotion de la recherche en mus\u00e9ologie \u00e0 travers les publications. C\u2019est pourquoi je souhaite m\u2019impliquer plus particuli\u00e8rement dans le groupe de travail sur les publications. J\u2019esp\u00e8re pouvoir y apporter mon exp\u00e9rience en tant que r\u00e9dacteur en chef et membre de comit\u00e9s \u00e9ditoriaux de revues (Cahiers de mus\u00e9ologie, Culture &amp; Mus\u00e9es), en contribuant \u00e0 la production de textes scientifiques et en accompagnant les auteurs, tout en participant \u00e0 la r\u00e9flexion strat\u00e9gique sur la publication.<\/p>\n<p style=\"font-weight: 400;\"><strong>H\u00e9ctor Valverde Mart\u00ednez <\/strong><\/p>\n<p style=\"font-weight: 400;\"><img decoding=\"async\" loading=\"lazy\" class=\"alignleft size-medium wp-image-8260\" src=\"https:\/\/icofom.mini.icom.museum\/wp-content\/uploads\/sites\/18\/2025\/10\/Hector-Valverde-Photo-300x300.jpeg\" alt=\"\" width=\"300\" height=\"300\" srcset=\"https:\/\/icofom.mini.icom.museum\/wp-content\/uploads\/sites\/18\/2025\/10\/Hector-Valverde-Photo-300x300.jpeg 300w, https:\/\/icofom.mini.icom.museum\/wp-content\/uploads\/sites\/18\/2025\/10\/Hector-Valverde-Photo-150x150.jpeg 150w, https:\/\/icofom.mini.icom.museum\/wp-content\/uploads\/sites\/18\/2025\/10\/Hector-Valverde-Photo.jpeg 640w\" sizes=\"(max-width: 300px) 100vw, 300px\" \/>H\u00e9ctor Valverde Mart\u00ednez est titulaire d\u2019un dipl\u00f4me en communication et en gestion culturelle et artistique de l\u2019Universidad de la Comunicaci\u00f3n, ainsi que d\u2019une sp\u00e9cialisation en mus\u00e9ographie de l\u2019Escuela Nacional de Conservaci\u00f3n, Restauraci\u00f3n y Museograf\u00eda \u00ab Manuel del Castillo Negrete \u00bb (ENCRyM). Il est \u00e9galement titulaire d\u2019un master en communication (avec une orientation en communication et nouvelles technologies) de l\u2019Universidad Nacional Aut\u00f3noma de M\u00e9xico (UNAM).<\/p>\n<p style=\"font-weight: 400;\">Il a travaill\u00e9 comme chef des m\u00e9dias num\u00e9riques au Sistema Nacional de Fomento Musical du Consejo Nacional para la Cultura y las Artes (Mexique), ainsi que comme chef du Centre de recherche, de documentation et d\u2019information mus\u00e9ologiques et chef du Service de la m\u00e9diation communautaire et de la promotion \u00e0 la Coordinaci\u00f3n Nacional de Museos y Exposiciones de l\u2019Instituto Nacional de Antropolog\u00eda e Historia (INAH, Mexique). Il a \u00e9galement \u00e9t\u00e9 chef du d\u00e9partement des op\u00e9rations du Mus\u00e9e Tezoz\u00f3moc de l\u2019Instituto Polit\u00e9cnico Nacional, ainsi que chef du d\u00e9partement des op\u00e9rations du Pavillon de la culture communautaire du Minist\u00e8re f\u00e9d\u00e9ral de la Culture.<\/p>\n<p style=\"font-weight: 400;\">Depuis 2022, il est professeur de mus\u00e9ographie et de politiques culturelles \u00e0 l\u2019Universidad de la Comunicaci\u00f3n. Il travaille actuellement comme consultant en mus\u00e9ologie, en recherche et reconnaissance des publics pour des institutions culturelles, ainsi qu\u2019en gestion de projets et d\u2019\u00e9v\u00e9nements culturels pour l\u2019Instituto Nacional de Antropolog\u00eda e Historia et le Minist\u00e8re f\u00e9d\u00e9ral de la Culture (Mexique), des groupes artistiques et des organisations de la soci\u00e9t\u00e9 civile.<\/p>\n<p style=\"font-weight: 400;\">Il a particip\u00e9 comme conf\u00e9rencier \u00e0 divers forums universitaires sur la gestion du patrimoine culturel, les mus\u00e9es, la communication, les nouvelles technologies, la jeunesse et l\u2019inclusion, au Mexique ainsi qu\u2019en Am\u00e9rique, en Europe et en Asie.<\/p>\n<p style=\"font-weight: 400;\">Publications<\/p>\n<p style=\"font-weight: 400;\">\u2013 Valverde, H. (2020). Digital devices as interpretation tools in museum settings. Critical Hermeneutics, 4(1).<\/p>\n<p style=\"font-weight: 400;\">\u2013 Valverde, H. (2020). When digitization is not enough. A perspective from the museum field in the digital age. Journal of Multicultural Discourses, 16(1), 42-52.<\/p>\n<p style=\"font-weight: 400;\">\u2013 D\u00edaz, Noxpango, Sabido &amp; Valverde. (2019). Proyecto Emergente Morelos \u2013 Un espacio comunitario tras los sismos de 2017. Estudios sobre Conservaci\u00f3n, Restauraci\u00f3n y Museolog\u00eda, vol. 6, 41-62.<\/p>\n<p style=\"font-weight: 400;\">\u2013 Sabido, A. &amp; Valverde, H. (2019). Un archivo como medio para transformar las pr\u00e1cticas museol\u00f3gicas. In Rodr\u00edguez &amp; Fern\u00e1ndez (eds.), Conectando los saberes de bibliotecas, archivos y museos (BAM) en torno a la preservaci\u00f3n de documentos anal\u00f3gicos y de origen digital (pp. 173-192). UNAM.<\/p>\n<p style=\"font-weight: 400;\">\u2013 \u00c1vila, Manjarrez, Sabido &amp; Valverde. (2018). Towards a poetic of the needs. Beyond operator\u2019s role. ICOFOM Study Series, vol. 46, 308-312.<\/p>\n<p style=\"font-weight: 400;\">D\u00e9claration d\u2019int\u00e9r\u00eat pour le Conseil d\u2019administration de l\u2019ICOFOM (2025\u20132028)<\/p>\n<p style=\"font-weight: 400;\">En tant que mus\u00e9ologue et gestionnaire culturel fort de plus d\u2019une d\u00e9cennie d\u2019exp\u00e9rience \u00e0 l\u2019intersection des mus\u00e9es, des technologies num\u00e9riques et de l\u2019engagement communautaire, j\u2019ai l\u2019honneur de poser ma candidature comme membre ordinaire du Conseil d\u2019administration de l\u2019ICOFOM pour la p\u00e9riode 2025-2028, avec un int\u00e9r\u00eat particulier pour le groupe de travail sur les conf\u00e9rences.<\/p>\n<p style=\"font-weight: 400;\">Ma formation acad\u00e9mique \u2014 un master en communication (UNAM) ax\u00e9 sur les nouvelles technologies et une sp\u00e9cialisation en mus\u00e9ographie (ENCRyM) \u2014, ainsi que ma carri\u00e8re universitaire comme professeur de mus\u00e9ographie et de politiques culturelles (Universidad de la Comunicaci\u00f3n), et mon parcours professionnel au sein de l\u2019Institut national d\u2019anthropologie et d\u2019histoire (INAH) et du Minist\u00e8re f\u00e9d\u00e9ral de la Culture du Mexique, t\u00e9moignent d\u2019un engagement constant \u00e0 repenser les pratiques mus\u00e9ologiques \u00e0 travers la th\u00e9orie critique, les m\u00e9thodologies participatives et des strat\u00e9gies de communication innovantes visant \u00e0 concevoir des projets qui placent l\u2019agence des publics et les approches d\u00e9coloniales au c\u0153ur de l\u2019action mus\u00e9ale.<\/p>\n<p style=\"font-weight: 400;\">Je consid\u00e8re l\u2019ICOFOM comme un catalyseur des changements de paradigme dans le domaine mus\u00e9al et souhaite y contribuer en apportant mon expertise dans l\u2019organisation de congr\u00e8s nationaux et internationaux afin de promouvoir des dialogues ouverts \u00e0 une large diversit\u00e9 de voix au sein de la communaut\u00e9 mus\u00e9ologique \u2014 des jeunes mus\u00e9ologues aux groupes sous-repr\u00e9sent\u00e9s \u2014 \u00e0 travers la gestion d\u2019\u00e9v\u00e9nements en pr\u00e9sentiel et hybrides. De cette mani\u00e8re, je souhaite aider l\u2019ICOFOM \u00e0 \u00e9largir sa port\u00e9e et \u00e0 renforcer ses liens avec les r\u00e9seaux latino-am\u00e9ricains et autres r\u00e9seaux r\u00e9gionaux.<\/p>\n<p style=\"font-weight: 400;\">Je sollicite ce r\u00f4le non pas en tant que simple d\u00e9tenteur d\u2019un mandat, mais comme un participant actif d\u00e9sireux de faire progresser les initiatives intellectuelles et pratiques de l\u2019ICOFOM. En contribuant au groupe de travail sur les conf\u00e9rences, j\u2019esp\u00e8re participer \u00e0 la cr\u00e9ation de plateformes d\u2019\u00e9changes significatives, afin de garantir que l\u2019ICOFOM demeure une force essentielle dans la pens\u00e9e mus\u00e9ologique contemporaine. Ce serait pour moi un honneur de collaborer avec des coll\u00e8gues du monde entier dans ce cadre.<\/p>\n<p style=\"font-weight: 400;\"><strong>\u00a0<\/strong><\/p>\n<p style=\"font-weight: 400;\"><strong>Dra. Sarina Wakefield\u00a0 (U.K.)<\/strong><\/p>\n<p style=\"font-weight: 400;\"><em><img decoding=\"async\" loading=\"lazy\" class=\"alignleft size-medium wp-image-8284\" src=\"https:\/\/icofom.mini.icom.museum\/wp-content\/uploads\/sites\/18\/2025\/10\/Sarina-225x300.jpg\" alt=\"\" width=\"225\" height=\"300\" srcset=\"https:\/\/icofom.mini.icom.museum\/wp-content\/uploads\/sites\/18\/2025\/10\/Sarina-225x300.jpg 225w, https:\/\/icofom.mini.icom.museum\/wp-content\/uploads\/sites\/18\/2025\/10\/Sarina-768x1024.jpg 768w, https:\/\/icofom.mini.icom.museum\/wp-content\/uploads\/sites\/18\/2025\/10\/Sarina-1152x1536.jpg 1152w, https:\/\/icofom.mini.icom.museum\/wp-content\/uploads\/sites\/18\/2025\/10\/Sarina-1536x2048.jpg 1536w, https:\/\/icofom.mini.icom.museum\/wp-content\/uploads\/sites\/18\/2025\/10\/Sarina-scaled.jpg 1920w\" sizes=\"(max-width: 225px) 100vw, 225px\" \/>Biographie<\/em><\/p>\n<p style=\"font-weight: 400;\">La Dre Sarina Wakefield est ma\u00eetre de conf\u00e9rences en mus\u00e9ologie et doyenne \u00e0 l\u2019internationalisation pour le College of Social Sciences, Arts and Humanities \u00e0 l\u2019Universit\u00e9 de Leicester. Ses recherches et son enseignement portent sur la mus\u00e9ologie et le patrimoine transnationaux, en particulier dans les \u00c9tats du Golfe, o\u00f9 elle travaille depuis plus de vingt ans sur des projets mus\u00e9aux et patrimoniaux. Elle a publi\u00e9 de nombreux ouvrages, notamment Transnational Narratives and Museum Franchising in Abu Dhabi (2021) et Museums of the Arabian Peninsula (2021), et elle est co\u00e9ditrice des volumes \u00e0 para\u00eetre Routledge Handbook of Heritage and Creative Practice (sous presse, parution pr\u00e9vue en octobre 2025) et Cultural Heritage Ecosystems in the WANA Region (sous presse, parution pr\u00e9vue en mars 2026).<\/p>\n<p style=\"font-weight: 400;\">La Dre Wakefield est \u00e9galement la fondatrice et la coordinatrice de la s\u00e9rie de conf\u00e9rences Museums in Arabia, un forum international qui, depuis plus d\u2019une d\u00e9cennie, r\u00e9unit chercheurs et professionnels afin de promouvoir le dialogue sur les mus\u00e9es et le patrimoine dans les \u00c9tats du Golfe. Ce travail illustre son engagement \u00e0 d\u00e9velopper des r\u00e9seaux de recherche internationaux et \u00e0 faire entendre les perspectives r\u00e9gionales dans les d\u00e9bats mus\u00e9ologiques mondiaux.<\/p>\n<p style=\"font-weight: 400;\">Parall\u00e8lement \u00e0 ses activit\u00e9s acad\u00e9miques, elle codirige la collection Representation and Identity in the Middle East: Critical Studies on Art, Culture, Heritage and Museums, publi\u00e9e chez Routledge. \u00c0 travers son r\u00f4le dans l\u2019internationalisation, elle met \u00e0 profit une vaste exp\u00e9rience en mati\u00e8re de partenariats mondiaux, d\u2019innovation p\u00e9dagogique et de collaboration interculturelle, faisant d\u2019elle une fervente d\u00e9fenseuse de l\u2019\u00e9largissement des conversations mus\u00e9ologiques au-del\u00e0 des fronti\u00e8res.<\/p>\n<p style=\"font-weight: 400;\"><em>\u00a0<\/em><\/p>\n<p style=\"font-weight: 400;\"><em>D\u00e9claration de r\u00f4le et de contribution<\/em><\/p>\n<p style=\"font-weight: 400;\">Pour le mandat 2025\u20132028, je souhaite contribuer \u00e0 l\u2019ICOFOM en tant que membre du conseil d\u2019administration, tout en jouant un r\u00f4le actif au sein du Conference Working Group. Je consid\u00e8re les conf\u00e9rences de l\u2019ICOFOM comme des espaces essentiels pour faire progresser les d\u00e9bats th\u00e9oriques en mus\u00e9ologie et renforcer le dialogue mondial entre des perspectives culturelles et disciplinaires diverses. Je m\u2019engagerai \u00e0 contribuer \u00e0 l\u2019\u00e9laboration de programmes de conf\u00e9rences inclusifs, innovants et repr\u00e9sentatifs de la richesse de la recherche et de la pratique mus\u00e9ologiques contemporaines.<\/p>\n<p style=\"font-weight: 400;\">Mon expertise en mus\u00e9ologie et en patrimoine transnationaux, particuli\u00e8rement dans les \u00c9tats du Golfe et la r\u00e9gion WANA, s\u2019aligne \u00e9troitement avec la mission de l\u2019ICOFOM d\u2019\u00e9largir le champ au-del\u00e0 des cadres occidentaux. J\u2019apporte une exp\u00e9rience directe dans l\u2019organisation de conf\u00e9rences, ayant fond\u00e9 et dirig\u00e9 la s\u00e9rie Museums in Arabia, un forum international d\u00e9di\u00e9 \u00e0 l\u2019\u00e9tude des mus\u00e9es et du patrimoine de la p\u00e9ninsule Arabique. Depuis plus d\u2019une d\u00e9cennie, cette s\u00e9rie r\u00e9unit des chercheurs et des professionnels du monde entier, favorisant des r\u00e9seaux de recherche collaboratifs et renfor\u00e7ant la visibilit\u00e9 des mus\u00e9ologies r\u00e9gionales dans les d\u00e9bats mondiaux. Cette exp\u00e9rience me permettra de contribuer de mani\u00e8re significative au Conference Working Group de l\u2019ICOFOM, notamment dans le d\u00e9veloppement de th\u00e9matiques, de formats et de strat\u00e9gies de communication favorisant la participation d\u2019une diversit\u00e9 de voix.<\/p>\n<p style=\"font-weight: 400;\">Mes comp\u00e9tences en cr\u00e9ation de partenariats internationaux, en direction \u00e9ditoriale et en innovation p\u00e9dagogique me permettent d\u2019apporter une contribution strat\u00e9gique tant aux discussions du conseil d\u2019administration qu\u2019aux initiatives des groupes de travail. \u00c0 travers ces r\u00f4les, je souhaite soutenir les efforts de l\u2019ICOFOM pour consolider sa position en tant que principale plateforme de la mus\u00e9ologie critique, favorisant des \u00e9changes inclusifs reliant chercheurs et praticiens au-del\u00e0 des fronti\u00e8res, des langues et des traditions.<\/p>\n<p>&nbsp;<\/p>\n<p><strong>Maxence Zabo<\/strong><\/p>\n<p>T\u00e9moin et acteur d\u2019une mus\u00e9ologie en r\u00e9invention continue, je suis candidat au r\u00f4le de membre ordinaire du mandat 2025-2028 d\u2019ICOFOM afin de rejoindre le groupe de travail \u00ab Conf\u00e9rences \u00bb. Form\u00e9 entre Abidjan (C\u00f4te d\u2019Ivoire) et Paris (France) \u00e0 l\u2019arch\u00e9ologie et histoire de l\u2019art, en particulier islamiques, et en g\u00e9opolitique, ma recherche a port\u00e9 sur la consid\u00e9ration du patrimoine dans les politiques publiques et la diplomatie \u00e0 partir des Ind\u00e9pendances ouest-africaines. Je suis \u00e9tabli depuis bient\u00f4t 3 ans \u00e0 Abu Dhabi et participe au d\u00e9veloppement du secteur mus\u00e9al local dans le cadre de la coop\u00e9ration bilat\u00e9rale entre la France et les Emirats arabes unis en \u00e9tant notamment \u00e0 travers les projets de formation et transfert de comp\u00e9tences men\u00e9e par France Mus\u00e9ums et ses partenaires \u00e0 travers le monde. Je con\u00e7ois la mus\u00e9ologie comme un laboratoire vivant, o\u00f9 la confrontation d\u2019id\u00e9es, de m\u00e9thodes et d\u2019exp\u00e9riences issues de contextes divers permet de nourrir un dialogue critique, inclusif et porteur d\u2019innovation. Notre discipline demande un engagement pour rendre accessible les lieux de patrimoine, qui r\u00e9unissent simultan\u00e9ment la m\u00e9moire et la projection collectives des soci\u00e9t\u00e9s, et encourager tous les publics \u00e0 en devenir des praticiens aguerris. Repenser nos pratiques suppose de valoriser la r\u00e9ciprocit\u00e9, de faire de la formation un moteur pour les professionnels et de reconnaitre le b\u00e9n\u00e9fice des r\u00e9alit\u00e9s multiples desquelles naissent des pratiques souvent compl\u00e9mentaires qui doivent servir l\u2019oeuvre et ses publics. En rejoignant ICOFOM, je souhaite participer \u00e0 ce chantier collectif : renforcer le r\u00f4le du comit\u00e9 comme plateforme d\u2019\u00e9changes critiques et favorable \u00e0 l\u2019\u00e9mulation, soutenir la r\u00e9flexion autour de nouvelles pratiques mus\u00e9ologiques, et favoriser la visibilit\u00e9 des professionnels \u00e0 travers un partage de comp\u00e9tences ouvert, collaboratif et durable. Cela implique de tisser un r\u00e9seau v\u00e9ritablement global, actif \u00e0 la fois localement et internationalement, o\u00f9 chaque professionnel trouve des ressources, des interlocuteurs et un espace d\u00e9di\u00e9 \u00e0 l\u2019\u00e9change sous toutes ses formes. Per\u00e7u comme une extension \u00e9vidente de mon activit\u00e9 actuelle, cette contribution \u00e0 la vitalit\u00e9 des rencontres et des conf\u00e9rences d\u2019ICOFOM m\u2019enthousiasme tout particuli\u00e8rement et je me r\u00e9jouis d\u2019accomplir ce r\u00f4le aux c\u00f4t\u00e9s de chacun de vous.<\/p>\n","protected":false},"excerpt":{"rendered":"<p>Pour afficher les descriptions en anglais ou en espagnol, changez la langue de la page ci-dessus. Avis de traduction : Cette page utilise une traduction assist\u00e9e par IA. Une relecture professionnelle n\u2019a pas \u00e9t\u00e9 possible en raison de contraintes de temps et de ressources. En cas de divergence, les soumissions originales des candidat\u00b7e\u00b7s font foi. [&hellip;]<\/p>\n","protected":false},"author":78,"featured_media":0,"comment_status":"open","ping_status":"open","sticky":false,"template":"","format":"standard","meta":{"footnotes":""},"categories":[3318],"tags":[],"yst_prominent_words":[477,528,78,564,193,87,194,3024,697,693,956,186,359,510],"acf":[],"_links":{"self":[{"href":"https:\/\/icofom.mini.icom.museum\/fr\/wp-json\/wp\/v2\/posts\/8243"}],"collection":[{"href":"https:\/\/icofom.mini.icom.museum\/fr\/wp-json\/wp\/v2\/posts"}],"about":[{"href":"https:\/\/icofom.mini.icom.museum\/fr\/wp-json\/wp\/v2\/types\/post"}],"author":[{"embeddable":true,"href":"https:\/\/icofom.mini.icom.museum\/fr\/wp-json\/wp\/v2\/users\/78"}],"replies":[{"embeddable":true,"href":"https:\/\/icofom.mini.icom.museum\/fr\/wp-json\/wp\/v2\/comments?post=8243"}],"version-history":[{"count":10,"href":"https:\/\/icofom.mini.icom.museum\/fr\/wp-json\/wp\/v2\/posts\/8243\/revisions"}],"predecessor-version":[{"id":8335,"href":"https:\/\/icofom.mini.icom.museum\/fr\/wp-json\/wp\/v2\/posts\/8243\/revisions\/8335"}],"wp:attachment":[{"href":"https:\/\/icofom.mini.icom.museum\/fr\/wp-json\/wp\/v2\/media?parent=8243"}],"wp:term":[{"taxonomy":"category","embeddable":true,"href":"https:\/\/icofom.mini.icom.museum\/fr\/wp-json\/wp\/v2\/categories?post=8243"},{"taxonomy":"post_tag","embeddable":true,"href":"https:\/\/icofom.mini.icom.museum\/fr\/wp-json\/wp\/v2\/tags?post=8243"},{"taxonomy":"yst_prominent_words","embeddable":true,"href":"https:\/\/icofom.mini.icom.museum\/fr\/wp-json\/wp\/v2\/yst_prominent_words?post=8243"}],"curies":[{"name":"wp","href":"https:\/\/api.w.org\/{rel}","templated":true}]}}